{"id":51292,"date":"2022-02-08T08:56:15","date_gmt":"2022-02-08T08:56:15","guid":{"rendered":"http:\/\/www.latempete.info\/?p=51292"},"modified":"2022-02-08T08:56:17","modified_gmt":"2022-02-08T08:56:17","slug":"affaire-francois-beyale-gouvernement-appele-a-communiquer","status":"publish","type":"post","link":"https:\/\/www.latempete.info\/?p=51292","title":{"rendered":"Affaire Fran\u00e7ois Beya:le Gouvernement appel\u00e9 \u00e0 communiquer"},"content":{"rendered":"\n<p><br>Par GKM<\/p>\n\n\n\n<p>Dans un document publi\u00e9 ce lundi 7 f\u00e9vrier 2022, JUSTICIA Asbl, une organisation de promotion et de protection des droits humains bas\u00e9e \u00e0 Lubumbashi, chef- lieu de la Province de Haut- Katanga, dit suivre avec attention la d\u00e9gradation de la situation s\u00e9curitaire \u00e0 la suite d\u2019une rumeur devenue persistante faisant \u00e9tat de l\u2019interpellation par l\u2019Agence Nationale des Renseignements(ANR) de Fran\u00e7ois Beya, conseiller sp\u00e9cial du Chef de l\u2019Etat charg\u00e9 de la s\u00e9curit\u00e9 en date du 4 f\u00e9vrier 2022.<\/p>\n\n\n\n<p>Pour cette association, le renforcement des dispositifs s\u00e9curitaires dans certains endroits des villes de Lubumbashi et de Kinshasa ainsi que la r\u00e9action violente attribu\u00e9e aux pr\u00e9sum\u00e9s manifestants de l\u2019UDPS contribuent \u00e0 exacerber la situation d\u00e9j\u00e0 tendue. C\u2019est pourquoi elle invite le gouvernement congolais \u00e0 communiquer plus, en vue d\u2019att\u00e9nuer la tension.<\/p>\n\n\n\n<p>Me Timoth\u00e9e Mbuya, responsable num\u00e9ro un de Justicia ASBL, fait savoir que depuis le vendredi dernier, les autorit\u00e9s gouvernementales congolaises n\u2019ont pas communiqu\u00e9 sur ces incidents occasionnant de ce fait des r\u00e9actions de toutes sortes, notamment dans les r\u00e9seaux sociaux o\u00f9 des appels \u00e0 la violence sont lanc\u00e9s contre certains acteurs politiques congolais, sans que les services de s\u00e9curit\u00e9 ne r\u00e9agissent. Ce qui fait que le dimanche 6 f\u00e9vrier, des groupes des jeunes se r\u00e9clamant de l\u2019UDPS ont investi la 10\u00e8me Rue Limete, en s\u2019attaquant \u00e0 de paisibles passants, caillassant plusieurs v\u00e9hicules.<\/p>\n\n\n\n<p>Ce mutisme des autorit\u00e9s, note Me Timoth\u00e9e Mbuya, favorise, d\u2019une part la mont\u00e9e des discours d\u2019incitation \u00e0 la violence et \u00e0 la haine contre certains acteurs politiques congolais et de l\u2019autre une psychose d\u2019ins\u00e9curit\u00e9 g\u00e9n\u00e9ralis\u00e9e surtout au regard du renforcement des dispositifs s\u00e9curitaires dans certains coins des villes de Kinshasa et de Lubumbashi.<\/p>\n\n\n\n<p>JUSTICIA Asbl rappelle que la Constitution de la RDC fait du droit \u00e0 l\u2019information un droit sacr\u00e9 dont aucune autorit\u00e9 ne peut se pr\u00e9valoir de la fiert\u00e9 de violer ses dispositions. Timoth\u00e9e Mbuya recommande aussi au Ministre de l\u2019Information et porte-parole du Gouvernement ainsi qu\u2019aux m\u00e9dias officiels de donner la bonne information \u00e0 la population, pour calmer ce sentiment d\u2019ins\u00e9curit\u00e9 g\u00e9n\u00e9ralis\u00e9 aux cons\u00e9quences incalculables. <\/p>\n\n\n\n<p>L\u2019ongdh invite \u00e9galement l\u2019Administrateur g\u00e9n\u00e9ral de l\u2019ANR \u00e0 garantir \u00e0 Fran\u00e7ois Beya, ainsi qu\u2019\u00e0 toute personne qui serait interpel\u00e9e \u00e0 la suite de cette suppos\u00e9e tentative de coup d\u2019Etat, la jouissance de ses droits fondamentaux, notamment le droit d\u2019\u00eatre assist\u00e9 par un avocat de son choix, celui des visites par des proches et membres de famille, ainsi que celui de recevoir traitement par son m\u00e9decin. <\/p>\n\n\n\n<p>L\u2019organisation invite aussi les autorit\u00e9s judiciaires \u00e0 diligenter sans d\u00e9lai une enqu\u00eate judiciaire pour traduire en justice les auteurs des actes de banditisme sur les biens appartenant aux particuliers.<\/p>\n","protected":false},"excerpt":{"rendered":"<p>Affaire Fran\u00e7ois Beya:le Gouvernement appel\u00e9 \u00e0 communiquer<\/p>\n","protected":false},"author":1,"featured_media":51249,"comment_status":"closed","ping_status":"closed","sticky":false,"template":"","format":"standard","meta":{"footnotes":""},"categories":[136,134,130,5],"tags":[],"class_list":["post-51292","post","type-post","status-publish","format-standard","has-post-thumbnail","hentry","category-a-la-une","category-la-tempete-des-tropiques","category-nation","category-politique"],"_links":{"self":[{"href":"https:\/\/www.latempete.info\/index.php?rest_route=\/wp\/v2\/posts\/51292"}],"collection":[{"href":"https:\/\/www.latempete.info\/index.php?rest_route=\/wp\/v2\/posts"}],"about":[{"href":"https:\/\/www.latempete.info\/index.php?rest_route=\/wp\/v2\/types\/post"}],"author":[{"embeddable":true,"href":"https:\/\/www.latempete.info\/index.php?rest_route=\/wp\/v2\/users\/1"}],"replies":[{"embeddable":true,"href":"https:\/\/www.latempete.info\/index.php?rest_route=%2Fwp%2Fv2%2Fcomments&post=51292"}],"version-history":[{"count":1,"href":"https:\/\/www.latempete.info\/index.php?rest_route=\/wp\/v2\/posts\/51292\/revisions"}],"predecessor-version":[{"id":51293,"href":"https:\/\/www.latempete.info\/index.php?rest_route=\/wp\/v2\/posts\/51292\/revisions\/51293"}],"wp:featuredmedia":[{"embeddable":true,"href":"https:\/\/www.latempete.info\/index.php?rest_route=\/wp\/v2\/media\/51249"}],"wp:attachment":[{"href":"https:\/\/www.latempete.info\/index.php?rest_route=%2Fwp%2Fv2%2Fmedia&parent=51292"}],"wp:term":[{"taxonomy":"category","embeddable":true,"href":"https:\/\/www.latempete.info\/index.php?rest_route=%2Fwp%2Fv2%2Fcategories&post=51292"},{"taxonomy":"post_tag","embeddable":true,"href":"https:\/\/www.latempete.info\/index.php?rest_route=%2Fwp%2Fv2%2Ftags&post=51292"}],"curies":[{"name":"wp","href":"https:\/\/api.w.org\/{rel}","templated":true}]}}