{"id":53063,"date":"2022-05-02T15:31:20","date_gmt":"2022-05-02T15:31:20","guid":{"rendered":"http:\/\/www.latempete.info\/?p=53063"},"modified":"2022-05-02T15:31:23","modified_gmt":"2022-05-02T15:31:23","slug":"consensus-sur-la-loi-electorale-un-pari-difficile","status":"publish","type":"post","link":"https:\/\/www.latempete.info\/?p=53063","title":{"rendered":"Consensus sur la loi \u00e9lectorale : un pari difficile"},"content":{"rendered":"\n<p><br>Par GKM<\/p>\n\n\n\n<p>L&rsquo;Assembl\u00e9e nationale a d\u00e9but\u00e9, le 14 avril 2022, l&rsquo;examen de la proposition de loi modifiant la loi \u00e9lectorale. C&rsquo;est un texte co-initi\u00e9 par 10 d\u00e9put\u00e9s dont deux sont devenus depuis ministres (Christophe Lutundula et Patrick Muyaya), et un autre d\u00e9c\u00e9d\u00e9 (Henri-Thomas Lokondo).<\/p>\n\n\n\n<p>Cette proposition de loi initi\u00e9e par le G13 propose 18 grandes innovations, entre autres la suppression du seuil de repr\u00e9sentativit\u00e9, l&rsquo;interdiction aux candidats d&rsquo;avoir des suppl\u00e9ants membres de leur famille, le non cumul des mandats, l&rsquo;obligation de publier les r\u00e9sultats des scrutins bureau de vote par bureau de vote, la sanction \u00e0 l&rsquo;encontre des membres de la Commission \u00e9lectorale nationale ind\u00e9pendante (Ceni) en cas de fraude.<\/p>\n\n\n\n<p>Comme pour la loi organique sur la Ceni, certaines parties prenantes au processus \u00e9lectoral appellent \u00e0 un consensus sur cette r\u00e9forme de la loi \u00e9lectorale. Les d\u00e9put\u00e9s du Front commun pour le Congo (FCC) bien que minoritaires ont m\u00eame refus\u00e9 de prendre part au d\u00e9bat g\u00e9n\u00e9ral sur ce texte \u00e0 l&rsquo;Assembl\u00e9e nationale.<\/p>\n\n\n\n<p> Ces derniers exigent un dialogue en dehors des institutions, afin de d\u00e9gager, selon eux, un consensus autour du processus \u00e9lectoral en cours. Le 22 avril, des militants de l&rsquo;Ecid\u00e9, parti politique de Martin Fayulu, ont manifest\u00e9 contre l&rsquo;examen en cours de la proposition de loi \u00e9lectorale.<\/p>\n\n\n\n<p>Dans son programme d&rsquo;actions pr\u00e9sent\u00e9 \u00e0 l&rsquo;Assembl\u00e9e nationale fin avril 2021, le gouvernement s&rsquo;\u00e9tait engag\u00e9 de convenir de fa\u00e7on consensuelle, \u00e0 l&rsquo;issue des \u00a0\u00bb concertations politiques ad hoc \u00ab\u00a0, des dispositions \u00e0 modifier notamment dans la loi \u00e9lectorale. Promesse d\u00e9sormais abandonn\u00e9e ?<\/p>\n\n\n\n<p>Pendant ce temps, \u00e0 l&rsquo;Union sacr\u00e9e de la Nation, on campe sur le \u00a0\u00bb large consensus \u00a0\u00bb obtenu autour de la proposition de loi du G13. Plus question donc pour la Majorit\u00e9 au pouvoir d&rsquo;ouvrir des concertations politiques sur la r\u00e9forme \u00e9lectorale en dehors du cadre institutionnel.<\/p>\n\n\n\n<p>Pour le pouvoir, cette position lui \u00e9viterait de tomber dans le possible pi\u00e8ge d&rsquo;ouvrir la br\u00e8che \u00e0 des n\u00e9gociations qui pourraient se retrouver sur le terrain de Martin Fayulu et confirmer de fait qu&rsquo;il y a une crise politique en RDC. Surtout quand on sait que Martin Fayulu brandit, depuis trois ans, une \u00a0\u00bb proposition de sortie de crise \u00a0\u00bb qui appelle \u00e0 la cr\u00e9ation d&rsquo;un \u00a0\u00bb Haut-conseil national des r\u00e9formes institutionnelles (HCNRI) \u00ab\u00a0, en vue d&rsquo;op\u00e9rer des \u00a0\u00bb r\u00e9formes urgentes et n\u00e9cessaires, notamment celles li\u00e9es \u00e0 la restructuration de la Ceni, au juge \u00e9lectoral et \u00e0 la loi \u00e9lectorale elle-m\u00eame \u00ab\u00a0.<\/p>\n\n\n\n<p>A en croire certains observateurs, le consensus s&rsquo;annonce difficile \u00e0 trouver sur cette question \u00e0 cause des agendas cach\u00e9s des uns et des autres. Au Congo, la table du dialogue est souvent l&rsquo;occasion de se repositionner politiquement que de r\u00e9former r\u00e9ellement, mart\u00e8lent-ils.<\/p>\n\n\n\n<p><\/p>\n","protected":false},"excerpt":{"rendered":"<p>Consensus sur la loi \u00e9lectorale : un pari difficile<\/p>\n","protected":false},"author":1,"featured_media":0,"comment_status":"closed","ping_status":"closed","sticky":false,"template":"","format":"standard","meta":{"footnotes":""},"categories":[46,115,4,134],"tags":[1098],"class_list":["post-53063","post","type-post","status-publish","format-standard","hentry","category-analyses","category-debat-opinion","category-forum","category-la-tempete-des-tropiques","tag-latempete"],"_links":{"self":[{"href":"https:\/\/www.latempete.info\/index.php?rest_route=\/wp\/v2\/posts\/53063"}],"collection":[{"href":"https:\/\/www.latempete.info\/index.php?rest_route=\/wp\/v2\/posts"}],"about":[{"href":"https:\/\/www.latempete.info\/index.php?rest_route=\/wp\/v2\/types\/post"}],"author":[{"embeddable":true,"href":"https:\/\/www.latempete.info\/index.php?rest_route=\/wp\/v2\/users\/1"}],"replies":[{"embeddable":true,"href":"https:\/\/www.latempete.info\/index.php?rest_route=%2Fwp%2Fv2%2Fcomments&post=53063"}],"version-history":[{"count":1,"href":"https:\/\/www.latempete.info\/index.php?rest_route=\/wp\/v2\/posts\/53063\/revisions"}],"predecessor-version":[{"id":53064,"href":"https:\/\/www.latempete.info\/index.php?rest_route=\/wp\/v2\/posts\/53063\/revisions\/53064"}],"wp:attachment":[{"href":"https:\/\/www.latempete.info\/index.php?rest_route=%2Fwp%2Fv2%2Fmedia&parent=53063"}],"wp:term":[{"taxonomy":"category","embeddable":true,"href":"https:\/\/www.latempete.info\/index.php?rest_route=%2Fwp%2Fv2%2Fcategories&post=53063"},{"taxonomy":"post_tag","embeddable":true,"href":"https:\/\/www.latempete.info\/index.php?rest_route=%2Fwp%2Fv2%2Ftags&post=53063"}],"curies":[{"name":"wp","href":"https:\/\/api.w.org\/{rel}","templated":true}]}}