{"id":57534,"date":"2022-12-29T10:14:24","date_gmt":"2022-12-29T10:14:24","guid":{"rendered":"http:\/\/www.latempete.info\/?p=57534"},"modified":"2022-12-29T10:14:26","modified_gmt":"2022-12-29T10:14:26","slug":"imperieuse-necessite-douvrir-un-debat-sur-la-presence-des-etrangers-dans-les-zones-minieres-en-rdc-il-faut-aller-au-dela-de-leur-interdiction-de-sejour-sur-les-lieux","status":"publish","type":"post","link":"https:\/\/www.latempete.info\/?p=57534","title":{"rendered":"Imp\u00e9rieuse n\u00e9cessit\u00e9 d\u2019ouvrir un d\u00e9bat sur la pr\u00e9sence des \u00e9trangers dans les zones mini\u00e8res en RDC: Il faut aller au-del\u00e0 de leur interdiction de s\u00e9jour sur les lieux!"},"content":{"rendered":"\n<p><br>Par Bamporiki Chamira<\/p>\n\n\n\n<p>Un sujet d\u2019actualit\u00e9 imm\u00e9diate vient de faire le tour des r\u00e9dactions des journaux et p\u00e9riodiques paraissant en R\u00e9publique D\u00e9mocratique du Congo sur la pr\u00e9sence massive des \u00e9trangers dans les zones mini\u00e8res en R\u00e9publique D\u00e9mocratique du Congo.<\/p>\n\n\n\n<p> Comme on pouvait s\u2019y attendre, l\u2019article de presse sur ces personnes qui jouissent, \u00e0 tort ou \u00e0 raison, du statut d\u2019op\u00e9rateurs \u00e9conomiques, partout o\u00f9 ils s\u00e9journent sur le territoire national, a retenu l\u2019attention de milliers de personnes, tout en entretenant en elles le go\u00fbt de l\u2019inachev\u00e9\u00a0!<\/p>\n\n\n\n<p>En effet, toutes les personnes qui avaient pris connaissance du contenu de cet article ont estim\u00e9 que son estim\u00e9 auteur n\u2019est pas all\u00e9 au fond des choses, alors que le pillage des ressources min\u00e9rales pr\u00e9cieuses et semi-pr\u00e9cieuses du pays n\u2019est pas le seul fait de la pr\u00e9sence des individus pris s\u00e9par\u00e9ment, mais bien d\u2018une importante machine constitu\u00e9e de pi\u00e8ces dont les r\u00f4les varient du tout au tout, afin d\u2019aboutir au r\u00e9sultat vis\u00e9 dans le plus bref d\u00e9lai possible\u00a0: constituer d\u2019importants stocks de minerais, avant de les faire garder en lieu s\u00fbr, quelque part \u00e0 l\u2019\u00e9tranger.<\/p>\n\n\n\n<p>D\u2019apr\u00e8s un public beaucoup plus large invariablement install\u00e9 au pays, il faut absolument aller au-del\u00e0 de l\u2019interdiction de s\u00e9jour des \u00e9trangers dans les zones mini\u00e8res, en ouvrant un d\u00e9bat de fond sur la question qui mettrait en lumi\u00e8re les quantit\u00e9s et la nature de minerais (et sous-minerais) frustr\u00e9s au pays, les infrastructures mises en place qui permettent ces honteuses exploitations, y compris les vraies et fausses statistiques y aff\u00e9rentes\u00a0!<\/p>\n\n\n\n<p>Un v\u00e9ritable trompe-\u0153il\u2026<\/p>\n\n\n\n<p>D\u2019apr\u00e8s des informations glan\u00e9es dans diff\u00e9rentes r\u00e9gions mini\u00e8res investies par d\u2019imp\u00e9nitents exploitants miniers \u00e9trangers, ces derniers auraient eu le temps de construire des a\u00e9rodromes, des routes d\u2019\u00e9vacuation de minerais vers des cours d\u2019eaux et des r\u00e9seaux tr\u00e8s sophistiqu\u00e9s de t\u00e9l\u00e9communication avec l\u2019\u00e9tranger, des centres de triage et m\u00eame des mini-usines de raffinage de minerais ou encore des centres de \u00ab\u00a0rassemblement\u00a0\u00bb charg\u00e9s de l\u2019exp\u00e9dition de terres brutes \u00e0 destination des pays-clients b\u00e9n\u00e9ficiaires\u00a0!<\/p>\n\n\n\n<p>L\u2019interdiction de s\u00e9jour des \u00e9trangers dans les zones mini\u00e8res en R\u00e9publique D\u00e9mocratique du Congo est \u00e0 consid\u00e9rer comme un trompe-\u0153il et non comme un phare appel\u00e9 \u00e0 indiquer les faramineux tr\u00e9sors dont le pays a \u00e9t\u00e9 frustr\u00e9 depuis de longues d\u00e9cennies par ceux-l\u00e0 qui l\u2019avaient chosifi\u00e9 hier, \u00e0 tort ou \u00e0 raison, comme leur seconde patrie. Qu\u2019en pensent les experts autoris\u00e9s du Gouvernement \u00e0 ce sujet\u00a0? <\/p>\n\n\n\n<p>Nous y reviendront.<\/p>\n","protected":false},"excerpt":{"rendered":"<p>Par Bamporiki Chamira Un sujet d\u2019actualit\u00e9 imm\u00e9diate vient de faire le tour des r\u00e9dactions des journaux et p\u00e9riodiques paraissant en R\u00e9publique D\u00e9mocratique du Congo sur la pr\u00e9sence massive des \u00e9trangers dans les zones mini\u00e8res en R\u00e9publique D\u00e9mocratique du Congo. Comme on pouvait s\u2019y attendre, l\u2019article de presse sur ces personnes qui jouissent, \u00e0 tort ou [&hellip;]<\/p>\n","protected":false},"author":1,"featured_media":0,"comment_status":"closed","ping_status":"closed","sticky":false,"template":"","format":"standard","meta":{"footnotes":""},"categories":[115,4,134],"tags":[],"class_list":["post-57534","post","type-post","status-publish","format-standard","hentry","category-debat-opinion","category-forum","category-la-tempete-des-tropiques"],"_links":{"self":[{"href":"https:\/\/www.latempete.info\/index.php?rest_route=\/wp\/v2\/posts\/57534"}],"collection":[{"href":"https:\/\/www.latempete.info\/index.php?rest_route=\/wp\/v2\/posts"}],"about":[{"href":"https:\/\/www.latempete.info\/index.php?rest_route=\/wp\/v2\/types\/post"}],"author":[{"embeddable":true,"href":"https:\/\/www.latempete.info\/index.php?rest_route=\/wp\/v2\/users\/1"}],"replies":[{"embeddable":true,"href":"https:\/\/www.latempete.info\/index.php?rest_route=%2Fwp%2Fv2%2Fcomments&post=57534"}],"version-history":[{"count":1,"href":"https:\/\/www.latempete.info\/index.php?rest_route=\/wp\/v2\/posts\/57534\/revisions"}],"predecessor-version":[{"id":57535,"href":"https:\/\/www.latempete.info\/index.php?rest_route=\/wp\/v2\/posts\/57534\/revisions\/57535"}],"wp:attachment":[{"href":"https:\/\/www.latempete.info\/index.php?rest_route=%2Fwp%2Fv2%2Fmedia&parent=57534"}],"wp:term":[{"taxonomy":"category","embeddable":true,"href":"https:\/\/www.latempete.info\/index.php?rest_route=%2Fwp%2Fv2%2Fcategories&post=57534"},{"taxonomy":"post_tag","embeddable":true,"href":"https:\/\/www.latempete.info\/index.php?rest_route=%2Fwp%2Fv2%2Ftags&post=57534"}],"curies":[{"name":"wp","href":"https:\/\/api.w.org\/{rel}","templated":true}]}}