{"id":58478,"date":"2023-02-24T11:58:32","date_gmt":"2023-02-24T11:58:32","guid":{"rendered":"http:\/\/www.latempete.info\/?p=58478"},"modified":"2023-02-24T11:58:34","modified_gmt":"2023-02-24T11:58:34","slug":"grace-a-la-monusco-un-noyau-de-femmes-mediatrices-pour-les-resolutions-des-conflits-forme-a-beni","status":"publish","type":"post","link":"https:\/\/www.latempete.info\/?p=58478","title":{"rendered":"Gr\u00e2ce \u00e0 la Monusco: un noyau de femmes m\u00e9diatrices pour les r\u00e9solutions des conflits form\u00e9 \u00e0 Beni"},"content":{"rendered":"\n<p><br>Par GKM<\/p>\n\n\n\n<p>La Mission des Nations Unies pour la Stabilisation en R\u00e9publique d\u00e9mocratique du Congo (Monusco) a organis\u00e9, le 17 f\u00e9vrier dernier, une s\u00e9ance de sensibilisation et de renforcement des capacit\u00e9s au profit d&rsquo;une vingtaine de femmes de la ville de Beni dans le Nord-Kivu.<br>Cette sensibilisation a permis de mettre en place un noyau de femmes m\u00e9diatrices pour la r\u00e9solution des conflits.<\/p>\n\n\n\n<p>Les femmes ainsi form\u00e9es devraient d\u00e9sormais \u00eatre impliqu\u00e9es dans la gestion des conflits et participer \u00e0 la restauration de la paix et de la s\u00e9curit\u00e9 dans leur province.<\/p>\n\n\n\n<p>Cette action de la Monusco \u00e0 l&rsquo;\u00e9gard de la gent f\u00e9minine du Nord-Kivu tire son fondement dans la R\u00e9solution 1325 de l&rsquo;ONU qui est un instrument pour attirer l&rsquo;attention des femmes sur leur participation dans les efforts de pacification de leur milieu.<\/p>\n\n\n\n<p>Pendant cette rencontre, la Monusco, \u00e0 travers sa section Genre, a rappel\u00e9 que les femmes sont capables de peser lourd sur la r\u00e9solution des conflits. Emery Chibi, en charge de la section Genre \u00e0 la Monusco \u00e0 Beni, s&rsquo;est ainsi adress\u00e9 \u00e0 elles en ces termes : \u00a0\u00bb Vous avez beaucoup \u00e0 apporter plus que vous ne le pensez. Notamment parce que vous repr\u00e9sentez 52% de la population congolaise \u00ab\u00a0.<\/p>\n\n\n\n<p>L&rsquo;officier de la section Genre de la Monusco a soutenu que la femme congolaise a presque toujours \u00e9t\u00e9 exclue des n\u00e9gociations pour la paix, sous pr\u00e9texte qu&rsquo;elle manque de formation et \u00e9galement d&rsquo;int\u00e9r\u00eat pour les questions li\u00e9es \u00e0 la s\u00e9curit\u00e9.<\/p>\n\n\n\n<p>\u00ab\u00a0Nous sommes convaincus que les femmes qui sont souvent victimes dans l&rsquo;explosion des conflits peuvent jouer un r\u00f4le d\u00e9cisif et peuvent, si pas pr\u00e9venir, au moins mettre fin aux conflits avec une solution gagnant-gagnant, \u00e0 travers leur m\u00e9diation \u00ab\u00a0, a-t-elle rench\u00e9ri.<\/p>\n\n\n\n<p>D&rsquo;autres th\u00e8mes ont aussi \u00e9t\u00e9 pass\u00e9s en revue au cours de ces assises, notamment la diff\u00e9rence entre la facilitation et la m\u00e9ditation, le r\u00f4le de la m\u00e9diation, les qualit\u00e9s d&rsquo;une m\u00e9diatrice ou encore les principes d&rsquo;une bonne m\u00e9diation.<\/p>\n\n\n\n<p>Les participantes ont promis de faire des restitutions dans leurs communaut\u00e9s afin de susciter une plus grande mobilisation des femmes pouvant s&rsquo;impliquer dans la recherche des voies et moyens pacifiques pour la r\u00e9solution des conflits de toutes sortes qui \u00e9maillent cette r\u00e9gion.<\/p>\n","protected":false},"excerpt":{"rendered":"<p>Par GKM La Mission des Nations Unies pour la Stabilisation en R\u00e9publique d\u00e9mocratique du Congo (Monusco) a organis\u00e9, le 17 f\u00e9vrier dernier, une s\u00e9ance de sensibilisation et de renforcement des capacit\u00e9s au profit d&rsquo;une vingtaine de femmes de la ville de Beni dans le Nord-Kivu.Cette sensibilisation a permis de mettre en place un noyau de [&hellip;]<\/p>\n","protected":false},"author":1,"featured_media":0,"comment_status":"closed","ping_status":"closed","sticky":false,"template":"","format":"standard","meta":{"footnotes":""},"categories":[134,969,10],"tags":[],"class_list":["post-58478","post","type-post","status-publish","format-standard","hentry","category-la-tempete-des-tropiques","category-page-de-la-femme","category-societe"],"_links":{"self":[{"href":"https:\/\/www.latempete.info\/index.php?rest_route=\/wp\/v2\/posts\/58478"}],"collection":[{"href":"https:\/\/www.latempete.info\/index.php?rest_route=\/wp\/v2\/posts"}],"about":[{"href":"https:\/\/www.latempete.info\/index.php?rest_route=\/wp\/v2\/types\/post"}],"author":[{"embeddable":true,"href":"https:\/\/www.latempete.info\/index.php?rest_route=\/wp\/v2\/users\/1"}],"replies":[{"embeddable":true,"href":"https:\/\/www.latempete.info\/index.php?rest_route=%2Fwp%2Fv2%2Fcomments&post=58478"}],"version-history":[{"count":1,"href":"https:\/\/www.latempete.info\/index.php?rest_route=\/wp\/v2\/posts\/58478\/revisions"}],"predecessor-version":[{"id":58479,"href":"https:\/\/www.latempete.info\/index.php?rest_route=\/wp\/v2\/posts\/58478\/revisions\/58479"}],"wp:attachment":[{"href":"https:\/\/www.latempete.info\/index.php?rest_route=%2Fwp%2Fv2%2Fmedia&parent=58478"}],"wp:term":[{"taxonomy":"category","embeddable":true,"href":"https:\/\/www.latempete.info\/index.php?rest_route=%2Fwp%2Fv2%2Fcategories&post=58478"},{"taxonomy":"post_tag","embeddable":true,"href":"https:\/\/www.latempete.info\/index.php?rest_route=%2Fwp%2Fv2%2Ftags&post=58478"}],"curies":[{"name":"wp","href":"https:\/\/api.w.org\/{rel}","templated":true}]}}