{"id":58480,"date":"2023-02-24T12:03:10","date_gmt":"2023-02-24T12:03:10","guid":{"rendered":"http:\/\/www.latempete.info\/?p=58480"},"modified":"2023-02-24T12:03:13","modified_gmt":"2023-02-24T12:03:13","slug":"processus-electoral-collaboration-etroite-entre-la-ceni-et-la-representante-personnelle-du-chef-de-letat-a-loif","status":"publish","type":"post","link":"https:\/\/www.latempete.info\/?p=58480","title":{"rendered":"Processus \u00e9lectoral: collaboration \u00e9troite entre la Ceni et la repr\u00e9sentante personnelle du Chef de l\u2019Etat \u00e0 l\u2019OIF"},"content":{"rendered":"\n<p class=\"has-text-align-center\"><br><strong>Concernant l\u2019enr\u00f4lement dans l\u2019AO3, le pr\u00e9sident Denis Kadima tient \u00e0 la remont\u00e9e obligatoire des donn\u00e9es pour la constitution du fichier \u00e9lectoral fiable, alors que la rapporteure Patricia Nseya est en supervision au Lualaba!<br>Par LKT<\/strong><\/p>\n\n\n\n<p>L&rsquo;\u00e9volution du processus \u00e9lectoral en cours dans le pays pr\u00e9occupe au plus haut point l&rsquo;Organisation Internationale de la Francophonie (OIF) qui, \u00e0 travers la repr\u00e9sentante personnelle du Chef de l&rsquo;Etat au niveau de cette institution internationale, Bestine Kazadi, a \u00e9chang\u00e9 avec le pr\u00e9sident de la Commission \u00e9lectorale nationale ind\u00e9pendante (Ceni), Denis Kadima, le 22 f\u00e9vrier dernier, au si\u00e8ge de la centrale \u00e9lectorale de la R\u00e9publique D\u00e9mocratique du Congo \u00e0 Kinshasa.<\/p>\n\n\n\n<p>Plusieurs autres activit\u00e9s de la Ceni ont \u00e9t\u00e9 organis\u00e9es, d\u00e9montrant que le pr\u00e9sident Denis Kadima Kazadi tient \u00e0 la remont\u00e9e obligatoire des donn\u00e9es pour la constitution du fichier \u00e9lectoral fiable dans le cadre des op\u00e9rations d&rsquo;identification et d&rsquo;enr\u00f4lement dans l&rsquo;AO3 (aire op\u00e9rationnelle trois). Cela, alors que la rapporteure Patricia Nseya de cette institution d&rsquo;appui \u00e0 la d\u00e9mocratie est en mission de supervision manag\u00e9riale dans la province du Lualaba.<\/p>\n\n\n\n<p>Concernant la rencontre entre le pr\u00e9sident de la Ceni et la repr\u00e9sentante personnelle du Chef de l&rsquo;Etat \u00e0 l&rsquo;OIF, il a \u00e9t\u00e9 relev\u00e9 que l&rsquo;\u00e9volution du processus \u00e9lectoral a \u00e9t\u00e9 au centre d&rsquo;\u00e9change. Ma\u00eetre Bestine Kazadi a reconnu les efforts d\u00e9ploy\u00e9s par la Ceni sous le management de Denis Kadima en vue de le conduire \u00e0 bon port.<\/p>\n\n\n\n<p>\u00ab\u00a0En ma qualit\u00e9 de la repr\u00e9sentante personnelle du Chef de l&rsquo;Etat \u00e0 OIF, j&rsquo;ai eu \u00e0 couvrir plusieurs volets, diplomatiques et de coop\u00e9ration, notamment li\u00e9s aux aspects politiques et de gouvernance d\u00e9mocratique. Dans le cadre de la strat\u00e9gie de l&rsquo;OIF 2023-2030, il y a comme ambition de cr\u00e9er un espace de paix et de stabilit\u00e9. <\/p>\n\n\n\n<p>Pour ce faire, ils veulent accompagner les institutions en charge du processus \u00e9lectoral et avec un accent particulier sur l&rsquo;observation des \u00e9lections qui doivent \u00eatre fiables, libres et transparentes. \u00c0 ce jour, c&rsquo;est la premi\u00e8re rencontre avec le pr\u00e9sident de la Ceni, au cours de laquelle nous avons discut\u00e9 du processus \u00e9lectoral en cours \u00e0 travers les aires op\u00e9rationnelles. Les chiffres sont, reconnaissons-le, positifs et encourageants. Il \u00e9tait \u00e9galement question de recueillir les informations sur le d\u00e9roulement de diff\u00e9rentes \u00e9tapes, eu \u00e9gard au calendrier \u00e9lectoral\u00a0\u00bb, a d\u00e9clar\u00e9 la repr\u00e9sentante Bestine Kazadi.<\/p>\n\n\n\n<p>Et d&rsquo;ajouter: \u00a0\u00bb par le pass\u00e9, l&rsquo;OIF a eu \u00e0 proposer son expertise \u00e0 la RDC, \u00e0 travers des observateurs internationaux venus auditer le processus \u00e9lectoral. Nous sommes ouverts \u00e0 une collaboration entre la Ceni et le Bureau de la Repr\u00e9sentante personnelle du Chef de l&rsquo;Etat pour aider \u00e0 ce qu&rsquo;au niveau diplomatique, le processus \u00e9lectoral de la RDC soit connu et bien explicit\u00e9, et puisse \u00eatre transparent, puisque c&rsquo;est la volont\u00e9 du Pr\u00e9sident de la R\u00e9publique. Je suis satisfaite de nos \u00e9changes, j&rsquo;ai beaucoup appr\u00e9ci\u00e9 l&rsquo;opportunit\u00e9 d&rsquo;ouverture que Monsieur Denis KADIMA nous a offerte et nous nous sommes d\u00e9cid\u00e9s \u00e0 collaborer \u00e9troitement, afin que ce processus \u00e9lectoral soit tel que souhait\u00e9 par l&rsquo;ensemble des Congolais\u00a0\u00bb.<\/p>\n\n\n\n<p>\u00ab\u00a0J&rsquo;\u00e9tais derni\u00e8rement en Europe o\u00f9 j&rsquo;ai pu visiter le centre d&rsquo;enr\u00f4lement \u00e0 l&rsquo;ambassade de la RDC \u00e0 Paris et je f\u00e9licite les efforts consentis par Monsieur Denis Kadima parce que du c\u00f4t\u00e9 de la diaspora congolaise, il y a eu quand m\u00eame quelques petites demandes suppl\u00e9mentaires. Car on aurait esp\u00e9r\u00e9 un plus grand champ \u00e9lectoral, mais l\u00e0, nous sommes dans une phase dite pilote, parce que c&rsquo;\u00e9tait la volont\u00e9 du Pr\u00e9sident de la R\u00e9publique de permettre que les compatriotes r\u00e9sidant \u00e0 l&rsquo;\u00e9tranger puissent s&rsquo;identifier et s&rsquo;enr\u00f4ler. Il faudrait reconna\u00eetre que les chiffres sont convaincants et au regard de ceux publi\u00e9s, on est pratiquement \u00e0 70 ou 85 % de l&rsquo;identification et de l&rsquo;enr\u00f4lement. Ce qui est encourageant (\u2026), a-t-elle conclu.<\/p>\n\n\n\n<p>AO3, remont\u00e9e obligation des donn\u00e9es !<\/p>\n\n\n\n<p>Bien avant, alors qu&rsquo;il \u00e9tait \u00e0 Kindu le 18 f\u00e9vrier dernier, ce chef-lieu de la province du Maniema qui est dans l&rsquo;Ao3, le pr\u00e9sident Denis Kadima a mis un accent particulier sur la remont\u00e9e obligatoire des donn\u00e9es pour la constitution du fichier \u00e9lectoral fiable.<br>Avec le gouverneur du Maniema, \u00e0 qui il avait rendu visite, le num\u00e9ro 1 de la Ceni a \u00e9voqu\u00e9 la question relative \u00e0 la s\u00e9curisation du processus dans son ensemble et particuli\u00e8rement concernant les op\u00e9rations d&rsquo;identification et d&rsquo;enr\u00f4lement des \u00e9lecteurs dans cet espace contenu dans l&rsquo;AO3. Des op\u00e9rations qui vont se cl\u00f4turer, pour ce processus qui a d\u00e9but\u00e9 avec un mois plus tard, soit le 16 f\u00e9vrier dernier.<\/p>\n\n\n\n<p>\u00a0\u00bb Nous sommes au d\u00e9but de l&rsquo;enr\u00f4lement des \u00e9lecteurs pour l&rsquo;aire op\u00e9rationnelle 3 (c\u00f4t\u00e9 Est du pays), dont fait partie la province du Maniema. Je suis venu apporter un appui \u00e0 notre \u00e9quipe locale, rencontrer les autorit\u00e9s pour avoir une id\u00e9e du contexte, particuli\u00e8rement en ce qui concerne la s\u00e9curit\u00e9 et bien \u00e9videmment encourager la population \u00e0 participer en masse \u00e0 cette op\u00e9ration citoyenne. (\u2026) \u00ab\u00a0, a dit le pr\u00e9sident Denis Kadima aux membres du secr\u00e9tariat ex\u00e9cutif provincial du Maniema.<\/p>\n\n\n\n<p>Il a, en outre, fait la ronde des centres d&rsquo;inscription pour prendre la temp\u00e9rature et se rendre compte du d\u00e9roulement effectif de cette op\u00e9ration, en prenant langue avec les pr\u00e9pos\u00e9s \u00e0 la t\u00e2che, mais aussi en posant des questions \u00e0 certains requ\u00e9rants trouv\u00e9s sur place.<br>Patricia Nseya en supervision au Lualaba<\/p>\n\n\n\n<p>Le rapporteure de la Ceni, Patricia Nseya, effectue, depuis le 21 f\u00e9vrier 2023, une mission de supervision manag\u00e9riale dans le cadre de la r\u00e9vision du fichier \u00e9lectoral (RFE) dans la province de Lualaba.<\/p>\n\n\n\n<p>A son arriv\u00e9e, la porte-parole de la centrale \u00e9lectorale a eu une s\u00e9ance de travail avec l&rsquo;\u00e9quipe dirigeante du Secr\u00e9tariat ex\u00e9cutif provincial (Sep) de la Ceni. Cette activit\u00e9 a eu lieu apr\u00e8s que l&rsquo;envoy\u00e9e du Pr\u00e9sident Denis Kadima ait pr\u00e9sent\u00e9 ses civilit\u00e9s au gouverneur de la province et sollicit\u00e9 l&rsquo;accompagnement des autorit\u00e9s provinciales dans l&rsquo;effectivit\u00e9 de des op\u00e9rations d&rsquo;identification et d&rsquo;enr\u00f4lement des \u00e9lecteurs.<\/p>\n\n\n\n<p>La rapporteure a profit\u00e9 de l&rsquo;occasion pour inviter la population de Lualaba \u00e0 s&rsquo;enr\u00f4ler massivement afin de participer aux \u00e9lections pr\u00e9vues pour le 20 d\u00e9cembre 2023.<\/p>\n\n\n\n<p>Il sied de rappeler que Lualaba est dans le paquet de provinces qui composent la deuxi\u00e8me aire op\u00e9rationnelle (AO2), constitu\u00e9e des provinces du Haut-Katanga, Haut-Lomami, Kasa\u00ef, Kasa\u00ef-Central, Kasa\u00ef-Oriental, Lomami, Lualaba, Sankuru, Tanganyika, ainsi que de l&rsquo;Afrique du Sud, la Belgique et la France.<\/p>\n","protected":false},"excerpt":{"rendered":"<p>Concernant l\u2019enr\u00f4lement dans l\u2019AO3, le pr\u00e9sident Denis Kadima tient \u00e0 la remont\u00e9e obligatoire des donn\u00e9es pour la constitution du fichier \u00e9lectoral fiable, alors que la rapporteure Patricia Nseya est en supervision au Lualaba!Par LKT L&rsquo;\u00e9volution du processus \u00e9lectoral en cours dans le pays pr\u00e9occupe au plus haut point l&rsquo;Organisation Internationale de la Francophonie (OIF) qui, [&hellip;]<\/p>\n","protected":false},"author":1,"featured_media":58482,"comment_status":"closed","ping_status":"closed","sticky":false,"template":"","format":"standard","meta":{"footnotes":""},"categories":[134,10],"tags":[],"class_list":["post-58480","post","type-post","status-publish","format-standard","has-post-thumbnail","hentry","category-la-tempete-des-tropiques","category-societe"],"_links":{"self":[{"href":"https:\/\/www.latempete.info\/index.php?rest_route=\/wp\/v2\/posts\/58480"}],"collection":[{"href":"https:\/\/www.latempete.info\/index.php?rest_route=\/wp\/v2\/posts"}],"about":[{"href":"https:\/\/www.latempete.info\/index.php?rest_route=\/wp\/v2\/types\/post"}],"author":[{"embeddable":true,"href":"https:\/\/www.latempete.info\/index.php?rest_route=\/wp\/v2\/users\/1"}],"replies":[{"embeddable":true,"href":"https:\/\/www.latempete.info\/index.php?rest_route=%2Fwp%2Fv2%2Fcomments&post=58480"}],"version-history":[{"count":1,"href":"https:\/\/www.latempete.info\/index.php?rest_route=\/wp\/v2\/posts\/58480\/revisions"}],"predecessor-version":[{"id":58483,"href":"https:\/\/www.latempete.info\/index.php?rest_route=\/wp\/v2\/posts\/58480\/revisions\/58483"}],"wp:featuredmedia":[{"embeddable":true,"href":"https:\/\/www.latempete.info\/index.php?rest_route=\/wp\/v2\/media\/58482"}],"wp:attachment":[{"href":"https:\/\/www.latempete.info\/index.php?rest_route=%2Fwp%2Fv2%2Fmedia&parent=58480"}],"wp:term":[{"taxonomy":"category","embeddable":true,"href":"https:\/\/www.latempete.info\/index.php?rest_route=%2Fwp%2Fv2%2Fcategories&post=58480"},{"taxonomy":"post_tag","embeddable":true,"href":"https:\/\/www.latempete.info\/index.php?rest_route=%2Fwp%2Fv2%2Ftags&post=58480"}],"curies":[{"name":"wp","href":"https:\/\/api.w.org\/{rel}","templated":true}]}}