{"id":58491,"date":"2023-02-27T08:41:55","date_gmt":"2023-02-27T08:41:55","guid":{"rendered":"http:\/\/www.latempete.info\/?p=58491"},"modified":"2023-02-27T08:41:57","modified_gmt":"2023-02-27T08:41:57","slug":"22%e1%b5%89-sommet-des-chefs-detats-et-de-gouvernement-de-la-ceeac-le-m23-condamne-les-sanctions-sollicitees-contre-kigali","status":"publish","type":"post","link":"https:\/\/www.latempete.info\/?p=58491","title":{"rendered":"22\u1d49 sommet des Chefs d&rsquo;\u00c9tats et de Gouvernement de la CEEAC: le M23 condamn\u00e9, les sanctions sollicit\u00e9es contre Kigali"},"content":{"rendered":"\n<p><br>Par Carroll Madiya<\/p>\n\n\n\n<p>La Communaut\u00e9 des \u00c9tats d&rsquo;Afrique Centrale (CEEAC) a condamn\u00e9 la r\u00e9bellion du Mouvement du 23 Mars (M23), lors du 22\u00e8me sommet des Chefs d&rsquo;Etats et de gouvernement membres de cette organisation sous r\u00e9gionale tenue le samedi 25 f\u00e9vrier \u00e0 Kinshasa. M\u00eame si la CEEAC n&rsquo;a pas point\u00e9 la responsabilit\u00e9 de Kigali, le Pr\u00e9sident de la R\u00e9publique, F\u00e9lix Antoine Tshisekedi Tshilombo a, lui, demand\u00e9 des sanctions contre le Rwanda, qu&rsquo;il accuse d&rsquo;agression contre son pays.<\/p>\n\n\n\n<p>A la t\u00eate de la CEEAC et face \u00e0 cette \u00ab\u00a0agression\u00a0\u00bb, la RDC \u00ab\u00a0s&rsquo;est refus\u00e9e \u00e0 \u00eatre juge et partie en sollicitant, \u00e0 l&rsquo;encontre du Rwanda, la suspension de la prise de parole et du droit de vote, la suspension de la participation aux activit\u00e9s de la communaut\u00e9, le rejet de la pr\u00e9sentation de candidatures aux postes statutaires, pour ne citer que ces sanctions\u00a0\u00bb, a d\u00e9clar\u00e9 F\u00e9lix Tshisekedi, lors de la c\u00e9r\u00e9monie d&rsquo;ouverture. La sous-r\u00e9gion, a-t-il rappel\u00e9, s&rsquo;est align\u00e9e sur le plan de sortie de crise de Luanda pour tenter de r\u00e9soudre le conflit entre Kinshasa et Kigali. Mais ce plan peine \u00e0 produire des effets, a relev\u00e9 le Pr\u00e9sident congolais.<\/p>\n\n\n\n<p>Dans leur communiqu\u00e9 final, les participants ont d\u00e9plor\u00e9 la d\u00e9gradation continue de la situation dans le Nord-Kivu, et ont condamn\u00e9 sans r\u00e9serve le M23 pour les nombreuses exactions et violations dont il se rend chaque jour coupable. Ils ont invit\u00e9 les autorit\u00e9s de la RDC et du Rwanda \u00e0 privil\u00e9gier les voies pacifiques pour r\u00e9soudre leurs diff\u00e9rends. Les pr\u00e9sidents Joao Louren\u00e7o d&rsquo;Angola et \u00c9variste Ndayishimiye du Burundi ont \u00e9t\u00e9 appel\u00e9s \u00e0 poursuivre leurs efforts de paix dans le cadre des processus de Luanda et de Nairobi.<\/p>\n\n\n\n<p>Ali Bongo, d\u00e9sormais Pr\u00e9sident de la CEEAC<\/p>\n\n\n\n<p>Lors de ce sommet ordinaire de la CEEAC tenu \u00e0 Kinshasa, le Pr\u00e9sident F\u00e9lix Tshisekedi a pass\u00e9 la main \u00e0 son homologue gabonais, Ali Bongo Ondimba, \u00e0 la t\u00eate de l&rsquo;organisation sous-r\u00e9gionale, qu&rsquo;il a pr\u00e9sid\u00e9e pendant un an. Sur les 11 pays membres, 10 \u00e9taient physiquement repr\u00e9sent\u00e9s, dont sept par leur pr\u00e9sident. Le seul participant en visioconf\u00e9rence \u00e9tait le Rwanda, repr\u00e9sent\u00e9 par son ministre des Affaires \u00e9trang\u00e8res, Vincent Biruta.<\/p>\n\n\n\n<p>Dans son discours d&rsquo;ouverture, F\u00e9lix Tshisekedi a dress\u00e9 le bilan de sa mandature en termes d&rsquo;actions et d&rsquo;initiatives au b\u00e9n\u00e9fice du progr\u00e8s r\u00e9gional.<\/p>\n\n\n\n<p>Tout en relevant le caract\u00e8re in\u00e9dit et historique de cette session co\u00efncidant avec la tenue de la toute premi\u00e8re Conf\u00e9rence maritime de la CEEAC, le Chef de l&rsquo;Etat congolais a mis en relief les grands axes sur lesquels s&rsquo;est cristallis\u00e9e sa mandature avec, \u00e0 la cl\u00e9, une volont\u00e9 clairement affich\u00e9e d&rsquo;acc\u00e9l\u00e9rer l&rsquo;int\u00e9gration et le d\u00e9veloppement de l&rsquo;Afrique centrale. Il s&rsquo;agit de l&rsquo;\u00e9ducation, de la sant\u00e9 et de la culture au travers desquelles il s&rsquo;est engag\u00e9 \u00e0 changer de paradigme pour mettre la priorit\u00e9 sur le d\u00e9veloppement du capital humain au sein de l&rsquo;organisation.<\/p>\n\n\n\n<p>Le Pr\u00e9sident F\u00e9lix Tshisekedi a re\u00e7u les f\u00e9licitations de ses pairs pour l&rsquo;organisation de la premi\u00e8re Conf\u00e9rence maritime de la CEEAC assortie de l&rsquo;\u00e9laboration d&rsquo;une politique maritime ainsi que des strat\u00e9gies relatives au d\u00e9veloppement de l&rsquo;\u00e9conomie bleue durable en Afrique centrale pour la s\u00e9curisation des int\u00e9r\u00eats vitaux en mer et dans les eaux continentales partag\u00e9es de la r\u00e9gion.<\/p>\n\n\n\n<p>Dans son mot d&rsquo;acceptation, le Pr\u00e9sident entrant, Ali Bongo Ondimba a salu\u00e9 le mandat de son pr\u00e9d\u00e9cesseur avant d&rsquo;inviter ses pairs \u00e0 agir de mani\u00e8re collective afin de s&rsquo;approprier les dossiers de la CEEAC pour des solutions idoines. La pr\u00e9servation des syst\u00e8mes forestiers ainsi que le financement de l&rsquo;organisation seront au centre de sa mandature, a-t-il relev\u00e9.<\/p>\n\n\n\n<p>Une motion de remerciement des Chefs d&rsquo;\u00c9tats et de gouvernement de la CEEAC \u00e0 l&rsquo;endroit du pr\u00e9sident F\u00e9lix Tshisekedi et du peuple congolais a \u00e9t\u00e9 lue pour confirmer l&rsquo;expression de satisfaction des uns et des autres quant \u00e0 la r\u00e9ussite de ces assises. Le prochain Sommet de la CEEAC est fix\u00e9 \u00e0 Libreville au Gabon en juin 2023.<\/p>\n\n\n\n<p>Un fonds de solidarit\u00e9 pour les victimes de guerre<\/p>\n\n\n\n<p>La CEEAC a aussi d\u00e9cid\u00e9, samedi 24 f\u00e9vrier, de mettre en place un fonds de solidarit\u00e9 au profit des victimes de guerre dans cet espace sous r\u00e9gionale. Ils ont \u00e9galement exprim\u00e9 leur solidarit\u00e9 \u00e0 l&rsquo;endroit des victimes congolaises, rapporte la cellule de communication de la Pr\u00e9sidence de la RDC.<\/p>\n","protected":false},"excerpt":{"rendered":"<p>Par Carroll Madiya La Communaut\u00e9 des \u00c9tats d&rsquo;Afrique Centrale (CEEAC) a condamn\u00e9 la r\u00e9bellion du Mouvement du 23 Mars (M23), lors du 22\u00e8me sommet des Chefs d&rsquo;Etats et de gouvernement membres de cette organisation sous r\u00e9gionale tenue le samedi 25 f\u00e9vrier \u00e0 Kinshasa. M\u00eame si la CEEAC n&rsquo;a pas point\u00e9 la responsabilit\u00e9 de Kigali, le [&hellip;]<\/p>\n","protected":false},"author":1,"featured_media":58492,"comment_status":"closed","ping_status":"closed","sticky":false,"template":"","format":"standard","meta":{"footnotes":""},"categories":[136,27,134,130,5],"tags":[],"class_list":["post-58491","post","type-post","status-publish","format-standard","has-post-thumbnail","hentry","category-a-la-une","category-internationale","category-la-tempete-des-tropiques","category-nation","category-politique"],"_links":{"self":[{"href":"https:\/\/www.latempete.info\/index.php?rest_route=\/wp\/v2\/posts\/58491"}],"collection":[{"href":"https:\/\/www.latempete.info\/index.php?rest_route=\/wp\/v2\/posts"}],"about":[{"href":"https:\/\/www.latempete.info\/index.php?rest_route=\/wp\/v2\/types\/post"}],"author":[{"embeddable":true,"href":"https:\/\/www.latempete.info\/index.php?rest_route=\/wp\/v2\/users\/1"}],"replies":[{"embeddable":true,"href":"https:\/\/www.latempete.info\/index.php?rest_route=%2Fwp%2Fv2%2Fcomments&post=58491"}],"version-history":[{"count":1,"href":"https:\/\/www.latempete.info\/index.php?rest_route=\/wp\/v2\/posts\/58491\/revisions"}],"predecessor-version":[{"id":58493,"href":"https:\/\/www.latempete.info\/index.php?rest_route=\/wp\/v2\/posts\/58491\/revisions\/58493"}],"wp:featuredmedia":[{"embeddable":true,"href":"https:\/\/www.latempete.info\/index.php?rest_route=\/wp\/v2\/media\/58492"}],"wp:attachment":[{"href":"https:\/\/www.latempete.info\/index.php?rest_route=%2Fwp%2Fv2%2Fmedia&parent=58491"}],"wp:term":[{"taxonomy":"category","embeddable":true,"href":"https:\/\/www.latempete.info\/index.php?rest_route=%2Fwp%2Fv2%2Fcategories&post=58491"},{"taxonomy":"post_tag","embeddable":true,"href":"https:\/\/www.latempete.info\/index.php?rest_route=%2Fwp%2Fv2%2Ftags&post=58491"}],"curies":[{"name":"wp","href":"https:\/\/api.w.org\/{rel}","templated":true}]}}