{"id":59425,"date":"2023-04-10T08:10:02","date_gmt":"2023-04-10T08:10:02","guid":{"rendered":"http:\/\/www.latempete.info\/?p=59425"},"modified":"2023-04-10T08:10:04","modified_gmt":"2023-04-10T08:10:04","slug":"procedant-a-letat-des-lieux-du-processus-electoral-tep-de-2023-la-lifded-et-ned-sensibilisent-les-femmes-pour-lamelioration-de-lelectorat","status":"publish","type":"post","link":"https:\/\/www.latempete.info\/?p=59425","title":{"rendered":"Proc\u00e9dant \u00e0 l&rsquo;\u00e9tat des lieux du processus \u00e9lectoral (TEP) de 2023\u00a0: la LIFDED et NED sensibilisent les femmes pour \u00ab\u00a0l&rsquo;am\u00e9lioration de l&rsquo;\u00e9lectorat\u00a0\u00bb"},"content":{"rendered":"\n<p><br>Par LKT<\/p>\n\n\n\n<p>La LIFDED (Ligue des Femmes pour le D\u00e9veloppement et l&rsquo;Education \u00e0 la D\u00e9mocratie), en partenariat avec l&rsquo;organisation internationale NED (National Endowment for Democracy), a proc\u00e9d\u00e9, le vendredi 07 avril dernier, \u00e0 la sensibilisation des femmes et des jeunes dans le cadre de l&rsquo;am\u00e9lioration de l&rsquo;\u00e9lectorat, en perspective des \u00e9lections g\u00e9n\u00e9rales de 2023 en RDC (R\u00e9publique D\u00e9mocratique du Congo). C&rsquo;\u00e9tait au quartier Sans-fil, dans la commune de Masina, \u00e0 Kinshasa.<\/p>\n\n\n\n<p> \u00ab\u00a0Nous avons \u00e9chang\u00e9 avec notamment des femmes sur le profil d&rsquo;un bon candidat, question d&rsquo;am\u00e9liorer l&rsquo;\u00e9lectorat dans le pays. Que la population ne consid\u00e8re pas sa voie comme une marchandise, qui lui arrive de la vendre d&rsquo;ailleurs \u00e0 vil prix, mais comme un pouvoir, comme son avenir\u00a0\u00bb, a dit Ma\u00eetre Jean-Michel Mvondo invit\u00e9, animateur principal de matin\u00e9e de sensibilisation qui a eu pour th\u00e8me: \u00ab\u00a0\u00c9tat des lieux du processus \u00e9lectoral (TEP) de 2023 en RDC\u00a0\u00bb.<\/p>\n\n\n\n<p>Et de poursuivre: \u00ab\u00a0des femmes ont un r\u00f4le important dans les \u00e9lections, pr\u00e9cis\u00e9ment dans les \u00e9ch\u00e9ances \u00e9lectorales du mois de d\u00e9cembre prochain. Elles ne doivent plus \u00eatre consid\u00e9r\u00e9es comme celles qui donnent des cadeaux de pouvoir, pour \u00eatre abandonn\u00e9es apr\u00e8s par ceux-l\u00e0 m\u00eame elles ont \u00e9lus. Ces derni\u00e8res doivent savoir comment utiliser leur pouvoir, elles qui sont majoritaires par rapport aux hommes\u00a0\u00bb.<\/p>\n\n\n\n<p>L&rsquo;homme a, en outre, d\u00e9plor\u00e9 qu&rsquo;il puisse avoir de ces \u00e9lecteurs, qui pour un polo (t.shirt) ou pour une bouteille de bi\u00e8re ou encore pour quelques billets de banque, donnent leurs voix \u00e0 ceux qui ne peuvent pas d\u00e9fendre leurs int\u00e9r\u00eats une fois au Parlement, o\u00f9 dans d&rsquo;autres institutions du pays.<br>La coordinatrice de la LIFDED, Gr\u00e2ce Lula Hamba, a invit\u00e9, pour sa part, les participants \u00e0 cette matin\u00e9e \u00e0 voter, au moment opportun, des candidats qui r\u00e9pondent aux crit\u00e8res, qu&rsquo;eux m\u00eame, \u00e0 travers leurs organisations, ont \u00e9tabli. <\/p>\n\n\n\n<p>Il faut souligner que cette matin\u00e9e de sensibilisation fait partie d&rsquo;un programme nouvellement par la LIFDED, dans le district de la Tshangu, dans le cadre de l&rsquo;appui \u00e0 la promotion du leadership f\u00e9minin et \u00e0 la participation politique des femmes.<\/p>\n","protected":false},"excerpt":{"rendered":"<p>Par LKT La LIFDED (Ligue des Femmes pour le D\u00e9veloppement et l&rsquo;Education \u00e0 la D\u00e9mocratie), en partenariat avec l&rsquo;organisation internationale NED (National Endowment for Democracy), a proc\u00e9d\u00e9, le vendredi 07 avril dernier, \u00e0 la sensibilisation des femmes et des jeunes dans le cadre de l&rsquo;am\u00e9lioration de l&rsquo;\u00e9lectorat, en perspective des \u00e9lections g\u00e9n\u00e9rales de 2023 en [&hellip;]<\/p>\n","protected":false},"author":1,"featured_media":59426,"comment_status":"closed","ping_status":"closed","sticky":false,"template":"","format":"standard","meta":{"footnotes":""},"categories":[134,10],"tags":[],"class_list":["post-59425","post","type-post","status-publish","format-standard","has-post-thumbnail","hentry","category-la-tempete-des-tropiques","category-societe"],"_links":{"self":[{"href":"https:\/\/www.latempete.info\/index.php?rest_route=\/wp\/v2\/posts\/59425"}],"collection":[{"href":"https:\/\/www.latempete.info\/index.php?rest_route=\/wp\/v2\/posts"}],"about":[{"href":"https:\/\/www.latempete.info\/index.php?rest_route=\/wp\/v2\/types\/post"}],"author":[{"embeddable":true,"href":"https:\/\/www.latempete.info\/index.php?rest_route=\/wp\/v2\/users\/1"}],"replies":[{"embeddable":true,"href":"https:\/\/www.latempete.info\/index.php?rest_route=%2Fwp%2Fv2%2Fcomments&post=59425"}],"version-history":[{"count":1,"href":"https:\/\/www.latempete.info\/index.php?rest_route=\/wp\/v2\/posts\/59425\/revisions"}],"predecessor-version":[{"id":59427,"href":"https:\/\/www.latempete.info\/index.php?rest_route=\/wp\/v2\/posts\/59425\/revisions\/59427"}],"wp:featuredmedia":[{"embeddable":true,"href":"https:\/\/www.latempete.info\/index.php?rest_route=\/wp\/v2\/media\/59426"}],"wp:attachment":[{"href":"https:\/\/www.latempete.info\/index.php?rest_route=%2Fwp%2Fv2%2Fmedia&parent=59425"}],"wp:term":[{"taxonomy":"category","embeddable":true,"href":"https:\/\/www.latempete.info\/index.php?rest_route=%2Fwp%2Fv2%2Fcategories&post=59425"},{"taxonomy":"post_tag","embeddable":true,"href":"https:\/\/www.latempete.info\/index.php?rest_route=%2Fwp%2Fv2%2Ftags&post=59425"}],"curies":[{"name":"wp","href":"https:\/\/api.w.org\/{rel}","templated":true}]}}