{"id":59428,"date":"2023-04-10T08:12:10","date_gmt":"2023-04-10T08:12:10","guid":{"rendered":"http:\/\/www.latempete.info\/?p=59428"},"modified":"2023-04-10T08:12:13","modified_gmt":"2023-04-10T08:12:13","slug":"le-mois-de-mars-dedie-a-la-femme-en-republique-democratique-du-congo-a-vecu","status":"publish","type":"post","link":"https:\/\/www.latempete.info\/?p=59428","title":{"rendered":"Le mois de mars d\u00e9di\u00e9 \u00e0 la femme en R\u00e9publique D\u00e9mocratique du Congo a v\u00e9cu"},"content":{"rendered":"\n<p><br>Quels enseignements faut-il en tirer pour un avenir qui chante ?<br>Par Bamporiki Chamira<\/p>\n\n\n\n<p>Parti de l&rsquo;heureuse initiative des autorit\u00e9s du pays, de concert avec les leaders les plus en vue des organisations f\u00e9minines de la soci\u00e9t\u00e9 civile, le mois d\u00e9di\u00e9 \u00e0 la femme en R\u00e9publique d\u00e9mocratique du Congo a v\u00e9cu !<\/p>\n\n\n\n<p>Comme on peut le constater, le g\u00e9nie inspirateur de ce mois qui vise \u00e0 conf\u00e9rer \u00e0 la femme congolaise le statut qu&rsquo;elle m\u00e9rite par rapport \u00e0 l&rsquo;\u00e9minence du r\u00f4le qu&rsquo;elle joue aux c\u00f4t\u00e9s de l&rsquo;homme dans son pays a eu pour paradigme la journ\u00e9e universelle d\u00e9di\u00e9e \u00e0 la femme en son temps par l&rsquo;Assembl\u00e9e g\u00e9n\u00e9rale des Nations Unies pour son r\u00f4le capital dans la p\u00e9rennisation de l&rsquo;esp\u00e8ce humaine \u00e0 travers la maternit\u00e9 !<\/p>\n\n\n\n<p>L&rsquo;occasion faisant le larron\u2026<\/p>\n\n\n\n<p>Apr\u00e8s les manifestations \u00e0 caract\u00e8re festif qui avaient accompagn\u00e9 cette journ\u00e9e en R\u00e9publique d\u00e9mocratique du Congo, un habillage tout \u00e0 fait particulier est venu se coller \u00e0 celle-ci pour marquer le mois de mars jusqu&rsquo;\u00e0 sa fin par des objectifs politiques, \u00e9conomiques et autres sociaux assign\u00e9s \u00e0 la gent f\u00e9minine du pays !<\/p>\n\n\n\n<p>C&rsquo;est ainsi que l&rsquo;occasion faisant le larron, on a orient\u00e9 la plupart de rencontres, de discours et d&rsquo;initiatives vers des \u00a0\u00bb facilitations et mesures incitatives du Gouvernement en vue de favoriser l&rsquo;entrepreneuriat de jeunes et, plus particuli\u00e8rement, de femmes \u00ab\u00a0.<\/p>\n\n\n\n<p>A la m\u00eame occasion, le Premier ministre a pris soin d&rsquo;\u00e9voquer l&rsquo;argumentation historique du quota des femmes dans son Gouvernement passant de 27% \u00e0 30%, la majorit\u00e9 du quota des secteurs productifs dans le budget de l&rsquo;Etat, la cr\u00e9ation du minist\u00e8re du Num\u00e9rique\u2026 !<br>Des enseignements \u00e0 tirer<\/p>\n\n\n\n<p>Oui. Le mois de mars, mois d\u00e9di\u00e9 \u00e0 la femme en R\u00e9publique D\u00e9mocratique du Congo s&rsquo;est termin\u00e9 avec tambour et trompette. Des orchestres ont fait danser des foules constitu\u00e9es en majeure partie de femmes. On a bien mang\u00e9, on a ri \u00e0 gorge d\u00e9ploy\u00e9e jusqu&rsquo;\u00e0 s&rsquo;essouffler. Mais, quels enseignements faut-il tirer de ce mois d&rsquo;intenses activit\u00e9s f\u00e9minines pour un avenir qui chante ?<\/p>\n\n\n\n<p>Le mois de mars qui appartient d\u00e9sormais au pass\u00e9 a plus concern\u00e9 les femmes de villes qui repr\u00e9sentent une infime minorit\u00e9 par rapport \u00e0 l&rsquo;immense majorit\u00e9 de femmes qui habitent les zones rurales du pays ! Il y a eu plus de d\u00e9clarations d&rsquo;intentions que d&rsquo;engagements \u00e0 faire ou ne pas faire \u00e0 court, moyen et long termes ! L&rsquo;institution du mois de mars en mois d\u00e9di\u00e9 \u00e0 la femme r\u00e9sulte d&rsquo;une d\u00e9cision de quelques personnes et non d&rsquo;une loi vot\u00e9e par le Parlement national ! L&rsquo;aide publique en num\u00e9raires destin\u00e9e aux femmes pour faire progresser leurs activit\u00e9s \u00e9conomiques est discriminatoire parce qu&rsquo;elle ne concerne qu&rsquo;une cat\u00e9gorie bien d\u00e9termin\u00e9e de femmes \u00a0\u00bb visibles \u00a0\u00bb en dehors de toute s\u00e9lection conforme \u00e0 des crit\u00e8res objectifs connus de tous !<\/p>\n\n\n\n<p>Conclusion : il est urgent de constituer une commission ad hoc en vue d&rsquo;\u00e9tudier les questions soulev\u00e9es par le mois d\u00e9di\u00e9 \u00e0 la femme en R\u00e9publique D\u00e9mocrat<\/p>\n","protected":false},"excerpt":{"rendered":"<p>Quels enseignements faut-il en tirer pour un avenir qui chante ?Par Bamporiki Chamira Parti de l&rsquo;heureuse initiative des autorit\u00e9s du pays, de concert avec les leaders les plus en vue des organisations f\u00e9minines de la soci\u00e9t\u00e9 civile, le mois d\u00e9di\u00e9 \u00e0 la femme en R\u00e9publique d\u00e9mocratique du Congo a v\u00e9cu ! Comme on peut le [&hellip;]<\/p>\n","protected":false},"author":1,"featured_media":0,"comment_status":"closed","ping_status":"closed","sticky":false,"template":"","format":"standard","meta":{"footnotes":""},"categories":[134,969,10],"tags":[],"class_list":["post-59428","post","type-post","status-publish","format-standard","hentry","category-la-tempete-des-tropiques","category-page-de-la-femme","category-societe"],"_links":{"self":[{"href":"https:\/\/www.latempete.info\/index.php?rest_route=\/wp\/v2\/posts\/59428"}],"collection":[{"href":"https:\/\/www.latempete.info\/index.php?rest_route=\/wp\/v2\/posts"}],"about":[{"href":"https:\/\/www.latempete.info\/index.php?rest_route=\/wp\/v2\/types\/post"}],"author":[{"embeddable":true,"href":"https:\/\/www.latempete.info\/index.php?rest_route=\/wp\/v2\/users\/1"}],"replies":[{"embeddable":true,"href":"https:\/\/www.latempete.info\/index.php?rest_route=%2Fwp%2Fv2%2Fcomments&post=59428"}],"version-history":[{"count":1,"href":"https:\/\/www.latempete.info\/index.php?rest_route=\/wp\/v2\/posts\/59428\/revisions"}],"predecessor-version":[{"id":59429,"href":"https:\/\/www.latempete.info\/index.php?rest_route=\/wp\/v2\/posts\/59428\/revisions\/59429"}],"wp:attachment":[{"href":"https:\/\/www.latempete.info\/index.php?rest_route=%2Fwp%2Fv2%2Fmedia&parent=59428"}],"wp:term":[{"taxonomy":"category","embeddable":true,"href":"https:\/\/www.latempete.info\/index.php?rest_route=%2Fwp%2Fv2%2Fcategories&post=59428"},{"taxonomy":"post_tag","embeddable":true,"href":"https:\/\/www.latempete.info\/index.php?rest_route=%2Fwp%2Fv2%2Ftags&post=59428"}],"curies":[{"name":"wp","href":"https:\/\/api.w.org\/{rel}","templated":true}]}}