{"id":59430,"date":"2023-04-10T08:15:13","date_gmt":"2023-04-10T08:15:13","guid":{"rendered":"http:\/\/www.latempete.info\/?p=59430"},"modified":"2023-04-10T08:15:15","modified_gmt":"2023-04-10T08:15:15","slug":"matadi-dominique-nkodia-inaugure-leffigie-de-simon-kimbangu-rehabilitee","status":"publish","type":"post","link":"https:\/\/www.latempete.info\/?p=59430","title":{"rendered":"Matadi : Dominique Nkodia inaugure l&rsquo;effigie de Simon Kimbangu r\u00e9habilit\u00e9e"},"content":{"rendered":"\n<p><br>Par Dieudonn\u00e9 Muaka Dimbi<\/p>\n\n\n\n<p>La population de Matadi ainsi que de nombreux touristes et voyageurs de passage au rond-point Simon Kimbangu (ex. Coca-Cola) de cette ville, ne cessaient au jour le jour \u00e0 s&rsquo;indigner de l&rsquo;\u00e9tat de d\u00e9gradation tr\u00e8s avanc\u00e9 auquel se trouvait l&rsquo;effigie de celui qui a valoris\u00e9 l&rsquo;homme noir \u00e0 travers le monde. Il a fallu cependant attendre la venue, \u00e0 la t\u00eate de cette ville, de Dominique Nkodia Mbete, pour voir enfin cette effigie subir une profonde m\u00e9tamorphose.<\/p>\n\n\n\n<p>Tous les travaux r\u00e9alis\u00e9s \u00e0 ce rond-point longtemps valoris\u00e9 ont \u00e9t\u00e9 rendus possible gr\u00e2ce aux efforts propres du Chef de l&rsquo;Ex\u00e9cutif urbain, qui est \u00e0 la fois fervent croyant du proph\u00e8te Simon Kimbangu et de son \u00e9glise ; mais aussi soldat de premi\u00e8re heure de l&rsquo;Union pour la D\u00e9mocratie et le Progr\u00e8s Social (UDPS).<\/p>\n\n\n\n<p>Le d\u00e9voilement et, \u00e9ventuellement, son inauguration. ont heureusement co\u00efncid\u00e9 avec la reconnaissance, par le Chef de l&rsquo;\u00c9tat F\u00e9lix Antoine Tshisekedi Tshilombo. C&rsquo;est ainsi \u00e0 la m\u00eame date du 6 avril que Dominique Nkodia a \u00e9galement pens\u00e9 honorer l&rsquo;\u00e2me et l&rsquo;esprit de ce dernier.<br>Dans son adresse de circonstance, Dominique Nkodia avait, de prime abord, soulign\u00e9 les grandes lignes du combat men\u00e9 par le Chef spirituel de l&rsquo;\u00e9glise Kimbanguiste. Avant de remercier ensuite le Pr\u00e9sident de la R\u00e9publique non seulement pour \u00eatre pass\u00e9 de la parole \u00e0 l&rsquo;acte ; mais aussi et surtout pour avoir \u00e9t\u00e9 le seul et l&rsquo;unique Chef de l&rsquo;Etat, parmi les quatre qui l&rsquo;ont pr\u00e9c\u00e9d\u00e9, \u00e0 parfaire \u00e0 juste titre cette reconnaissance l traduisant ainsi les v\u0153ux des a\u00efeux.<\/p>\n\n\n\n<p>De cela, le N\u00ba 1 de la ville de Matadi a exhort\u00e9 tout le peuple congolais \u00e0 l&rsquo;union, \u00e0 cultiver la paix et l&rsquo;amour, \u00e0 bannir les guerres inutiles et les conflits st\u00e9riles ; conditions sine qua non devant amener au d\u00e9veloppement de l&rsquo;Afrique, en g\u00e9n\u00e9ral, et de la RD. Congo, en particulier. A noter que pendant que se d\u00e9roulait cette c\u00e9r\u00e9monie, un Arc-en-ciel avait subitement apparu dans le ciel au plus grand \u00e9tonnement de l&rsquo;assistance avant de dispara\u00eetre dans la nature juste \u00e0 la fin de ladite manifestation.<\/p>\n\n\n\n<p>Un signal tr\u00e8s fort qui, selon le maire Dominique Nkodia, t\u00e9moigne l&rsquo;agr\u00e9ment divine des sacrifices qu&rsquo;il avait personnellement consentis pour honorer l&rsquo;\u00e2me et l&rsquo;esprit du Proph\u00e8te Simon Kimbangu.<\/p>\n","protected":false},"excerpt":{"rendered":"<p>Par Dieudonn\u00e9 Muaka Dimbi La population de Matadi ainsi que de nombreux touristes et voyageurs de passage au rond-point Simon Kimbangu (ex. Coca-Cola) de cette ville, ne cessaient au jour le jour \u00e0 s&rsquo;indigner de l&rsquo;\u00e9tat de d\u00e9gradation tr\u00e8s avanc\u00e9 auquel se trouvait l&rsquo;effigie de celui qui a valoris\u00e9 l&rsquo;homme noir \u00e0 travers le monde. [&hellip;]<\/p>\n","protected":false},"author":1,"featured_media":59431,"comment_status":"closed","ping_status":"closed","sticky":false,"template":"","format":"standard","meta":{"footnotes":""},"categories":[134,25,10],"tags":[],"class_list":["post-59430","post","type-post","status-publish","format-standard","has-post-thumbnail","hentry","category-la-tempete-des-tropiques","category-province","category-societe"],"_links":{"self":[{"href":"https:\/\/www.latempete.info\/index.php?rest_route=\/wp\/v2\/posts\/59430"}],"collection":[{"href":"https:\/\/www.latempete.info\/index.php?rest_route=\/wp\/v2\/posts"}],"about":[{"href":"https:\/\/www.latempete.info\/index.php?rest_route=\/wp\/v2\/types\/post"}],"author":[{"embeddable":true,"href":"https:\/\/www.latempete.info\/index.php?rest_route=\/wp\/v2\/users\/1"}],"replies":[{"embeddable":true,"href":"https:\/\/www.latempete.info\/index.php?rest_route=%2Fwp%2Fv2%2Fcomments&post=59430"}],"version-history":[{"count":1,"href":"https:\/\/www.latempete.info\/index.php?rest_route=\/wp\/v2\/posts\/59430\/revisions"}],"predecessor-version":[{"id":59432,"href":"https:\/\/www.latempete.info\/index.php?rest_route=\/wp\/v2\/posts\/59430\/revisions\/59432"}],"wp:featuredmedia":[{"embeddable":true,"href":"https:\/\/www.latempete.info\/index.php?rest_route=\/wp\/v2\/media\/59431"}],"wp:attachment":[{"href":"https:\/\/www.latempete.info\/index.php?rest_route=%2Fwp%2Fv2%2Fmedia&parent=59430"}],"wp:term":[{"taxonomy":"category","embeddable":true,"href":"https:\/\/www.latempete.info\/index.php?rest_route=%2Fwp%2Fv2%2Fcategories&post=59430"},{"taxonomy":"post_tag","embeddable":true,"href":"https:\/\/www.latempete.info\/index.php?rest_route=%2Fwp%2Fv2%2Ftags&post=59430"}],"curies":[{"name":"wp","href":"https:\/\/api.w.org\/{rel}","templated":true}]}}