{"id":60100,"date":"2023-05-16T11:30:32","date_gmt":"2023-05-16T11:30:32","guid":{"rendered":"http:\/\/www.latempete.info\/?p=60100"},"modified":"2023-05-16T11:30:34","modified_gmt":"2023-05-16T11:30:34","slug":"lutte-contre-la-fraude-fiscale-et-douaniere-des-cadres-des-organes-de-controle-financier-recycles","status":"publish","type":"post","link":"https:\/\/www.latempete.info\/?p=60100","title":{"rendered":"Lutte contre la fraude fiscale et douani\u00e8re\u00a0: des cadres des organes de contr\u00f4le financier recycl\u00e9s"},"content":{"rendered":"\n<p><br>Par Judith Sumwina<\/p>\n\n\n\n<p>Tuluka, ministre d&rsquo;\u00c9tat au Plan et pr\u00e9sidente du Comit\u00e9 ex\u00e9cutif de l&rsquo;Initiative pour la transparence des industries extractives en R\u00e9publique d\u00e9mocratique du Congo (ITIE-RDC), a proc\u00e9d\u00e9, le 10 mai 2023, avec l&rsquo;Ambassadeur du Royaume de Belgique en R\u00e9publique d\u00e9mocratique du Congo, \u00e0 Kinshasa, et la repr\u00e9sentante d&rsquo;ENABEL, l&rsquo;Agence de d\u00e9veloppement du gouvernement f\u00e9d\u00e9ral belge, \u00e0 la remise des brevets aux cadres de diff\u00e9rents organes de contr\u00f4le.<\/p>\n\n\n\n<p>Il s&rsquo;agit de l&rsquo;Inspection g\u00e9n\u00e9rale des finances (IGF) et la Cour des comptes d&rsquo;une part, et d&rsquo;autre part, les structures de pr\u00e9vention, de lutte contre la corruption, le blanchiment des capitaux et le terrorisme dont l&rsquo;Agence de pr\u00e9vention et de lutte contre la corruption (APLC), ainsi que la Cellule nationale des renseignements financiers (CENAREF).<\/p>\n\n\n\n<p>\u00ab\u00a0Cette formation vous aidera \u00e0 comprendre les artifices utilis\u00e9s par certains op\u00e9rateurs \u0153uvrant dans le secteur des industries extractives pour se soustraire intelligemment au paiement des droits dus \u00e0 l&rsquo;\u00c9tat. Elle vous aidera aussi \u00e0 d\u00e9velopper vos comp\u00e9tences dans l&rsquo;identification des cas de fraudes fiscales ou douani\u00e8res et des transferts illicites de toute nature dans le secteur extractif\u00a0\u00bb, a soulign\u00e9 Judith Sumwina Tuluka, ministre d&rsquo;Etat au Plan, dans son mot de circonstance.<\/p>\n\n\n\n<p>Les th\u00e9matiques retenues ont port\u00e9 sur la Gouvernance et les Contr\u00f4les publics des Industries extractives, le Contr\u00f4le et Politiques des prix de transfert dans l&rsquo;industrie extractive et enfin, la Mod\u00e9lisation des projets miniers en R\u00e9publique d\u00e9mocratique du Congo. \u00ab\u00a0Au d\u00e9part, ces activit\u00e9s furent men\u00e9es par l&rsquo;ITIE-RDC en vue d&rsquo;\u00e9changer sur la Norme ITIE avec les experts de ces structures afin de parvenir \u00e0 un m\u00eame niveau d&rsquo;entendement sur la mani\u00e8re dont elles devraient utiliser les donn\u00e9es ITIE dans leurs missions respectives\u00a0\u00bb, a expliqu\u00e9 Jean-Jacques Kayembe, Coordonnateur National de l&rsquo;ITIE-RDC.<\/p>\n\n\n\n<p>Les participants ont exprim\u00e9 le besoin d&rsquo;approfondir diff\u00e9rentes notions li\u00e9es au secteur extractif. ENABEL, n&rsquo;a pas h\u00e9sit\u00e9 d&rsquo;apporter son appui financier pour la r\u00e9alisation de ces formations. \u00ab\u00a0C&rsquo;est ici l&rsquo;occasion de r\u00e9it\u00e9rer solennellement nos remerciements au Royaume de Belgique qui est un partenaire qui nous a toujours accompagn\u00e9s dans plusieurs de nos activit\u00e9s \u00e0 travers ENABEL\u00a0\u00bb, a ajout\u00e9 le Coordonnateur national.<\/p>\n\n\n\n<p>Les b\u00e9n\u00e9ficiaires ont, quant \u00e0 eux, exprim\u00e9 leur gratitude \u00e0 l&rsquo;endroit des formateurs et ont promis d&rsquo;utiliser \u00e0 bon escient les connaissances acquises dans l&rsquo;identification des cas de fraudes fiscales et de transferts illicites de toute nature dans le secteur extractif. Cette c\u00e9r\u00e9monie a \u00e9galement connu la participation des directeurs g\u00e9n\u00e9raux des r\u00e9gies financi\u00e8res dont la DGDA, DGI, CENAREF ainsi que celui de la Cour des comptes.<\/p>\n","protected":false},"excerpt":{"rendered":"<p>Par Judith Sumwina Tuluka, ministre d&rsquo;\u00c9tat au Plan et pr\u00e9sidente du Comit\u00e9 ex\u00e9cutif de l&rsquo;Initiative pour la transparence des industries extractives en R\u00e9publique d\u00e9mocratique du Congo (ITIE-RDC), a proc\u00e9d\u00e9, le 10 mai 2023, avec l&rsquo;Ambassadeur du Royaume de Belgique en R\u00e9publique d\u00e9mocratique du Congo, \u00e0 Kinshasa, et la repr\u00e9sentante d&rsquo;ENABEL, l&rsquo;Agence de d\u00e9veloppement du gouvernement [&hellip;]<\/p>\n","protected":false},"author":1,"featured_media":0,"comment_status":"closed","ping_status":"closed","sticky":false,"template":"","format":"standard","meta":{"footnotes":""},"categories":[7,134],"tags":[],"class_list":["post-60100","post","type-post","status-publish","format-standard","hentry","category-economie","category-la-tempete-des-tropiques"],"_links":{"self":[{"href":"https:\/\/www.latempete.info\/index.php?rest_route=\/wp\/v2\/posts\/60100"}],"collection":[{"href":"https:\/\/www.latempete.info\/index.php?rest_route=\/wp\/v2\/posts"}],"about":[{"href":"https:\/\/www.latempete.info\/index.php?rest_route=\/wp\/v2\/types\/post"}],"author":[{"embeddable":true,"href":"https:\/\/www.latempete.info\/index.php?rest_route=\/wp\/v2\/users\/1"}],"replies":[{"embeddable":true,"href":"https:\/\/www.latempete.info\/index.php?rest_route=%2Fwp%2Fv2%2Fcomments&post=60100"}],"version-history":[{"count":1,"href":"https:\/\/www.latempete.info\/index.php?rest_route=\/wp\/v2\/posts\/60100\/revisions"}],"predecessor-version":[{"id":60101,"href":"https:\/\/www.latempete.info\/index.php?rest_route=\/wp\/v2\/posts\/60100\/revisions\/60101"}],"wp:attachment":[{"href":"https:\/\/www.latempete.info\/index.php?rest_route=%2Fwp%2Fv2%2Fmedia&parent=60100"}],"wp:term":[{"taxonomy":"category","embeddable":true,"href":"https:\/\/www.latempete.info\/index.php?rest_route=%2Fwp%2Fv2%2Fcategories&post=60100"},{"taxonomy":"post_tag","embeddable":true,"href":"https:\/\/www.latempete.info\/index.php?rest_route=%2Fwp%2Fv2%2Ftags&post=60100"}],"curies":[{"name":"wp","href":"https:\/\/api.w.org\/{rel}","templated":true}]}}