{"id":60156,"date":"2023-05-19T21:48:40","date_gmt":"2023-05-19T21:48:40","guid":{"rendered":"http:\/\/www.latempete.info\/?p=60156"},"modified":"2023-05-19T21:48:42","modified_gmt":"2023-05-19T21:48:42","slug":"fin-de-la-mission-humanitaire-des-originaires-du-sud-kivu-a-kalehe","status":"publish","type":"post","link":"https:\/\/www.latempete.info\/?p=60156","title":{"rendered":"Fin de la mission humanitaire des originaires du Sud-Kivu \u00e0 Kalehe"},"content":{"rendered":"\n<p><br>Par GKM<\/p>\n\n\n\n<p>La mission humanitaire en provenance de Kinshasa en faveur des sinistr\u00e9s \u00e0 Kalehe , dans la collectivit\u00e9 de Buhavu, a pris fin hier jeudi 18 mai. Constitu\u00e9e des dignes fils et filles originaires de la province du Sud- Kivu vivant dans la capitale, la mission s&rsquo;est rendue dans le territoire de Kalehe en date du 14 mai.<\/p>\n\n\n\n<p>Elle avait pour objectifs : s&rsquo;enqu\u00e9rir de la situation , pr\u00e9senter les condol\u00e9ances au Mwami local et \u00e0 la population. Les sinistr\u00e9s rencontr\u00e9s ont vivement remerci\u00e9 les envoy\u00e9s de l&rsquo;ASBL Cinyabuguma venus r\u00e9conforter les sinistr\u00e9s des inondations meurtri\u00e8res survenues dans cette partie du pays. Ces d\u00e9l\u00e9gu\u00e9s d\u00e9p\u00each\u00e9s par cette ASBL ont eu aussi l&rsquo;occasion de rencontrer le cur\u00e9 de la Paroisse sinistr\u00e9e, sans oublier le comit\u00e9 local de coordination,\u00e0 qui ils ont pr\u00e9sent\u00e9 l&rsquo; assistance collect\u00e9e \u00e0 Kinshasa.<\/p>\n","protected":false},"excerpt":{"rendered":"<p>Par GKM La mission humanitaire en provenance de Kinshasa en faveur des sinistr\u00e9s \u00e0 Kalehe , dans la collectivit\u00e9 de Buhavu, a pris fin hier jeudi 18 mai. Constitu\u00e9e des dignes fils et filles originaires de la province du Sud- Kivu vivant dans la capitale, la mission s&rsquo;est rendue dans le territoire de Kalehe en [&hellip;]<\/p>\n","protected":false},"author":1,"featured_media":0,"comment_status":"closed","ping_status":"closed","sticky":false,"template":"","format":"standard","meta":{"footnotes":""},"categories":[134,25,10],"tags":[],"class_list":["post-60156","post","type-post","status-publish","format-standard","hentry","category-la-tempete-des-tropiques","category-province","category-societe"],"_links":{"self":[{"href":"https:\/\/www.latempete.info\/index.php?rest_route=\/wp\/v2\/posts\/60156"}],"collection":[{"href":"https:\/\/www.latempete.info\/index.php?rest_route=\/wp\/v2\/posts"}],"about":[{"href":"https:\/\/www.latempete.info\/index.php?rest_route=\/wp\/v2\/types\/post"}],"author":[{"embeddable":true,"href":"https:\/\/www.latempete.info\/index.php?rest_route=\/wp\/v2\/users\/1"}],"replies":[{"embeddable":true,"href":"https:\/\/www.latempete.info\/index.php?rest_route=%2Fwp%2Fv2%2Fcomments&post=60156"}],"version-history":[{"count":1,"href":"https:\/\/www.latempete.info\/index.php?rest_route=\/wp\/v2\/posts\/60156\/revisions"}],"predecessor-version":[{"id":60157,"href":"https:\/\/www.latempete.info\/index.php?rest_route=\/wp\/v2\/posts\/60156\/revisions\/60157"}],"wp:attachment":[{"href":"https:\/\/www.latempete.info\/index.php?rest_route=%2Fwp%2Fv2%2Fmedia&parent=60156"}],"wp:term":[{"taxonomy":"category","embeddable":true,"href":"https:\/\/www.latempete.info\/index.php?rest_route=%2Fwp%2Fv2%2Fcategories&post=60156"},{"taxonomy":"post_tag","embeddable":true,"href":"https:\/\/www.latempete.info\/index.php?rest_route=%2Fwp%2Fv2%2Ftags&post=60156"}],"curies":[{"name":"wp","href":"https:\/\/api.w.org\/{rel}","templated":true}]}}