{"id":60394,"date":"2023-05-30T13:19:25","date_gmt":"2023-05-30T13:19:25","guid":{"rendered":"http:\/\/www.latempete.info\/?p=60394"},"modified":"2023-05-30T13:19:28","modified_gmt":"2023-05-30T13:19:28","slug":"matadi-le-maire-dominique-nkodia-honore-par-ses-freres-et-soeurs-de-leglise-kimbanguiste","status":"publish","type":"post","link":"https:\/\/www.latempete.info\/?p=60394","title":{"rendered":"Matadi : le maire Dominique Nkodia honor\u00e9 par ses fr\u00e8res et s\u0153urs de l&rsquo;\u00c9glise Kimbanguiste"},"content":{"rendered":"\n<p><br>Par Dieudonn\u00e9 Muaka Dimbi<\/p>\n\n\n\n<p>Bien qu&rsquo;appartenant d\u00e9sormais au pass\u00e9, la date du 25 mai de l&rsquo;ann\u00e9e en cours qui a marqu\u00e9 la f\u00eate de la nativit\u00e9 pour l&rsquo;Eglise Kimbanguiste, a \u00e9t\u00e9 une occasion propice pour tous ses fid\u00e8les habitant la ville portuaire de Matadi, d&rsquo;honorer un homme qui s&rsquo;est beaucoup investi pour la r\u00e9ussite totale de cette journ\u00e9e. Il s&rsquo;agit de Dominique Nkodia Mbete, maire de Matadi.<\/p>\n\n\n\n<p>Ce digne fils natif de cette principale ville portuaire de la R\u00e9publique D\u00e9mocratique du Congo dont la direction lui a \u00e9t\u00e9 confi\u00e9e depuis le mois de janvier dernier par le Chef de l&rsquo;\u00c9tat, F\u00e9lix Antoine Tshisekedi Tshilombo, est un fervent Kimbanguiste depuis sa naissance. Fort de sa position politique actuelle, il a fourni des efforts titanesques en vue de changer, dans un temps record, la physionomie du quartier abritant les installations de la Mission provinciale de l&rsquo;Eglise ch\u00e8re au Proph\u00e8te Simon Kimbangu situ\u00e9e dans la commune de Mvuzi. <\/p>\n\n\n\n<p>Notamment en r\u00e9habilitant, en premier, l&rsquo;\u00e9clairage public dans toute cette contr\u00e9e de Matadi et plus pr\u00e9cis\u00e9ment dans sa partie comprise entre le rond-point Belv\u00e9d\u00e8re en passant respectivement par Momo et la Mission provinciale de l&rsquo;Eglise Kimbanguiste jusqu&rsquo;\u00e0 d\u00e9boucher \u00e0 la Paroisse catholique St. G\u00e9rard de Minkondo. Cela, en attendant la r\u00e9habilitation de la route qui va de Minkondo \u00e0 Momo en passant par cette m\u00eame \u00e9glise dont les travaux amorc\u00e9s par la mairie de Matadi se d\u00e9roulent normalement.<\/p>\n\n\n\n<p>En plus, il a mis \u00e0 cette occasion \u00e0 la disposition de la Mission provinciale de l&rsquo;Eglise Kimbanguiste ayant re\u00e7u de nombreux fid\u00e8les venus de tous les coins et recoins de Matadi, toute une \u00e9quipe de la police pour la s\u00e9curisation de ces derniers ainsi que de leurs biens. La desserte en eau potable d\u00e8s la veille de cette journ\u00e9e comm\u00e9morative de la nativit\u00e9 du Christ jusqu&rsquo;\u00e0 la fin de toutes les activit\u00e9s qui \u00e9taient pr\u00e9vues pour la circonstance ont \u00e9t\u00e9 \u00e9galement assur\u00e9\u00e9 gr\u00e2ce \u00e0 la bravoure de l&rsquo;autorit\u00e9 urbaine qui, \u00e0 l&rsquo;occasion, a pris langue avec les responsables de la Direction provinciale de la Regideso.<\/p>\n\n\n\n<p>Question de passer dans la paix et dans toute tranquillit\u00e9 cette journ\u00e9e qui co\u00efncide avec la naissance de l&rsquo;un des fils de Simon Kimbangu. A savoir : Simon Kimbangu Kiangana.<\/p>\n\n\n\n<p>Au vu de toutes les actions pos\u00e9es par Dominique Nkodia pour le bon d\u00e9roulement de cette f\u00eate de la nativit\u00e9, ce haut cadre du parti pr\u00e9sidentiel qui a aussi communi\u00e9 avec tous ses fr\u00e8res et s\u0153urs dans la foi Kimbanguiste a \u00e9t\u00e9 l&rsquo;objet des ovations, dans la pri\u00e8re, par ces derniers.<\/p>\n\n\n\n<p>S&rsquo;adressant enfin dans la foule, le Chef de l&rsquo;Ex\u00e9cutif urbain a eu des mots justes en mettant en exergue cette date historique du 25 mai de chaque ann\u00e9e qui, a-t-il indiqu\u00e9, diff\u00e8re avec celle d&rsquo;autres religions qui ont d\u00e9natur\u00e9 la No\u00ebl. Il a \u00e0 cet effet remerci\u00e9 le Proph\u00e8te Simon Kimbangu pour avoir valoris\u00e9 l&rsquo;homme noir et les fid\u00e8les de l&rsquo;Eglise Kimbanguiste pour la discipline manifest\u00e9e avant, pendant et apr\u00e8s toutes les activit\u00e9s de cette journ\u00e9e.<\/p>\n","protected":false},"excerpt":{"rendered":"<p>Par Dieudonn\u00e9 Muaka Dimbi Bien qu&rsquo;appartenant d\u00e9sormais au pass\u00e9, la date du 25 mai de l&rsquo;ann\u00e9e en cours qui a marqu\u00e9 la f\u00eate de la nativit\u00e9 pour l&rsquo;Eglise Kimbanguiste, a \u00e9t\u00e9 une occasion propice pour tous ses fid\u00e8les habitant la ville portuaire de Matadi, d&rsquo;honorer un homme qui s&rsquo;est beaucoup investi pour la r\u00e9ussite totale [&hellip;]<\/p>\n","protected":false},"author":1,"featured_media":0,"comment_status":"closed","ping_status":"closed","sticky":false,"template":"","format":"standard","meta":{"footnotes":""},"categories":[134,25,10],"tags":[],"class_list":["post-60394","post","type-post","status-publish","format-standard","hentry","category-la-tempete-des-tropiques","category-province","category-societe"],"_links":{"self":[{"href":"https:\/\/www.latempete.info\/index.php?rest_route=\/wp\/v2\/posts\/60394"}],"collection":[{"href":"https:\/\/www.latempete.info\/index.php?rest_route=\/wp\/v2\/posts"}],"about":[{"href":"https:\/\/www.latempete.info\/index.php?rest_route=\/wp\/v2\/types\/post"}],"author":[{"embeddable":true,"href":"https:\/\/www.latempete.info\/index.php?rest_route=\/wp\/v2\/users\/1"}],"replies":[{"embeddable":true,"href":"https:\/\/www.latempete.info\/index.php?rest_route=%2Fwp%2Fv2%2Fcomments&post=60394"}],"version-history":[{"count":1,"href":"https:\/\/www.latempete.info\/index.php?rest_route=\/wp\/v2\/posts\/60394\/revisions"}],"predecessor-version":[{"id":60395,"href":"https:\/\/www.latempete.info\/index.php?rest_route=\/wp\/v2\/posts\/60394\/revisions\/60395"}],"wp:attachment":[{"href":"https:\/\/www.latempete.info\/index.php?rest_route=%2Fwp%2Fv2%2Fmedia&parent=60394"}],"wp:term":[{"taxonomy":"category","embeddable":true,"href":"https:\/\/www.latempete.info\/index.php?rest_route=%2Fwp%2Fv2%2Fcategories&post=60394"},{"taxonomy":"post_tag","embeddable":true,"href":"https:\/\/www.latempete.info\/index.php?rest_route=%2Fwp%2Fv2%2Ftags&post=60394"}],"curies":[{"name":"wp","href":"https:\/\/api.w.org\/{rel}","templated":true}]}}