{"id":60396,"date":"2023-05-30T13:21:17","date_gmt":"2023-05-30T13:21:17","guid":{"rendered":"http:\/\/www.latempete.info\/?p=60396"},"modified":"2023-05-30T13:21:19","modified_gmt":"2023-05-30T13:21:19","slug":"pour-exprimer-leur-ras-le-bol-kinshasa-les-chauffeurs-projettent-trois-journees-sans-chauffeur-a-partir-du-05-juin-prochain","status":"publish","type":"post","link":"https:\/\/www.latempete.info\/?p=60396","title":{"rendered":"Pour exprimer leur ras-le-bol Kinshasa : les chauffeurs projettent trois journ\u00e9es \u00a0\u00bb sans chauffeur \u00a0\u00bb \u00e0 partir du 05 juin prochain"},"content":{"rendered":"\n<p><br>Par Thony Kambila<\/p>\n\n\n\n<p>Dans une correspondance adress\u00e9e au gouverneur de la ville province de Kinshasa le weekend dernier, la Synergie des Associations pour la d\u00e9fense des droits des chauffeurs et pour la promotion du civisme routier en R\u00e9publique D\u00e9mocratique du Congo (SADCPCR\/RDC) a saisi l&rsquo;autorit\u00e9 urbaine pour informer de son initiative d&rsquo;organiser trois journ\u00e9es sans chauffeurs du lundi 05 au mercredi 07 juin, sur toute l&rsquo;\u00e9tendue de la capitale congolaise.<\/p>\n\n\n\n<p>Les chauffeurs de la capitale d\u00e9noncent des actes inhumains dont ils sont victimes de la part des chargeurs commis dans des parkings mais \u00e9galement des \u00e9l\u00e9ments de la police, des \u00e9quipes du minist\u00e8re provincial des transports ainsi que d&rsquo;autres agents v\u00e9reux et fictifs qui tr\u00f4nent dans les art\u00e8res de Kinshasa pour la constatation des pr\u00e9ventions routi\u00e8res et taxation des amandes transactionnelles.<\/p>\n\n\n\n<p>R\u00e9ponse dans le d\u00e9lai<\/p>\n\n\n\n<p>\u00c0 travers cette lettre adress\u00e9e \u00e0 GentinyNgobila, la SADCPCR\/RDC exige une Police de circulation routi\u00e8re (PCR) qualifi\u00e9e, r\u00e9form\u00e9e et \u00e9quip\u00e9e.<br>Indiquant qu&rsquo;une p\u00e9tition sera \u00e9galement d\u00e9pos\u00e9e au pr\u00e9sident de la R\u00e9publique le 07 juin prochain, dernier jour de leur manifestation, les conducteurs esp\u00e8rent voir les autorit\u00e9s urbaines r\u00e9pondre dans le meilleur d\u00e9lai \u00e0 leurs revendications avant d&rsquo;activer leur moyen de pression.<\/p>\n\n\n\n<p>\u00a0\u00bb Le dernier jour devra \u00eatre mis \u00e0 profit pour le d\u00e9p\u00f4t de notre p\u00e9tition adress\u00e9e \u00e0 Son Excellence Monsieur le Pr\u00e9sident de la R\u00e9publique, Chef de l&rsquo;Etat, en vue de solliciter son implication personnelle dans la r\u00e9solution de nos probl\u00e8mes socio-professionnels \u00ab\u00a0, indique la correspondance.<br>Pour rappel, deux de ces conducteurs ont trouv\u00e9 la mort dans les communes de Matetele 02 mai, et de Bandalungwa, le 05 mai, suite aux violences des chargeurs membres de l&rsquo;ACHACO (Association des chargeurs du Congo).<\/p>\n","protected":false},"excerpt":{"rendered":"<p>Par Thony Kambila Dans une correspondance adress\u00e9e au gouverneur de la ville province de Kinshasa le weekend dernier, la Synergie des Associations pour la d\u00e9fense des droits des chauffeurs et pour la promotion du civisme routier en R\u00e9publique D\u00e9mocratique du Congo (SADCPCR\/RDC) a saisi l&rsquo;autorit\u00e9 urbaine pour informer de son initiative d&rsquo;organiser trois journ\u00e9es sans [&hellip;]<\/p>\n","protected":false},"author":1,"featured_media":0,"comment_status":"closed","ping_status":"closed","sticky":false,"template":"","format":"standard","meta":{"footnotes":""},"categories":[134,25,10],"tags":[],"class_list":["post-60396","post","type-post","status-publish","format-standard","hentry","category-la-tempete-des-tropiques","category-province","category-societe"],"_links":{"self":[{"href":"https:\/\/www.latempete.info\/index.php?rest_route=\/wp\/v2\/posts\/60396"}],"collection":[{"href":"https:\/\/www.latempete.info\/index.php?rest_route=\/wp\/v2\/posts"}],"about":[{"href":"https:\/\/www.latempete.info\/index.php?rest_route=\/wp\/v2\/types\/post"}],"author":[{"embeddable":true,"href":"https:\/\/www.latempete.info\/index.php?rest_route=\/wp\/v2\/users\/1"}],"replies":[{"embeddable":true,"href":"https:\/\/www.latempete.info\/index.php?rest_route=%2Fwp%2Fv2%2Fcomments&post=60396"}],"version-history":[{"count":1,"href":"https:\/\/www.latempete.info\/index.php?rest_route=\/wp\/v2\/posts\/60396\/revisions"}],"predecessor-version":[{"id":60397,"href":"https:\/\/www.latempete.info\/index.php?rest_route=\/wp\/v2\/posts\/60396\/revisions\/60397"}],"wp:attachment":[{"href":"https:\/\/www.latempete.info\/index.php?rest_route=%2Fwp%2Fv2%2Fmedia&parent=60396"}],"wp:term":[{"taxonomy":"category","embeddable":true,"href":"https:\/\/www.latempete.info\/index.php?rest_route=%2Fwp%2Fv2%2Fcategories&post=60396"},{"taxonomy":"post_tag","embeddable":true,"href":"https:\/\/www.latempete.info\/index.php?rest_route=%2Fwp%2Fv2%2Ftags&post=60396"}],"curies":[{"name":"wp","href":"https:\/\/api.w.org\/{rel}","templated":true}]}}