{"id":60966,"date":"2023-06-23T11:57:22","date_gmt":"2023-06-23T11:57:22","guid":{"rendered":"http:\/\/www.latempete.info\/?p=60966"},"modified":"2023-06-23T11:57:23","modified_gmt":"2023-06-23T11:57:23","slug":"lors-dun-atelier-organise-a-kinshasa-avec-lappui-de-long-osisa-lintegration-des-assistants-sociaux-psychologues-et-anthropologues-dans-les-structures-sanitaires-examinee","status":"publish","type":"post","link":"https:\/\/www.latempete.info\/?p=60966","title":{"rendered":"Lors d&rsquo;un atelier organis\u00e9 \u00e0 Kinshasa avec l&rsquo;appui de l&rsquo;ONG OSISA: l&rsquo;int\u00e9gration des assistants sociaux, psychologues et anthropologues dans les structures sanitaires examin\u00e9e"},"content":{"rendered":"\n<p><br>Par Marcel Tshishiku<\/p>\n\n\n\n<p>Le R\u00e9seau des ONG d&rsquo;action en sant\u00e9 mentale (ROASAM) organise, du mardi 20 au mercredi 30 juin, au Centre Wallonie Bruxelles \u00e0 Gombe, une commune de la ville de Kinshasa, un atelier d&rsquo;analyse et proposition d&rsquo;int\u00e9gration des assistants sociaux, psychologues et anthropologues dans les structures des soins de sant\u00e9 en vue de la protection des malades mentaux. Le ROASAM a, pour ce faire, b\u00e9n\u00e9fici\u00e9 de l&rsquo;appui de l&rsquo;ONG internationale OSISA afin de tenir ces assises qui s&rsquo;inscrivent dans le cadre de la mise en \u0153uvre de son Programme annuel (2023).<\/p>\n\n\n\n<p>Sous la mod\u00e9ration de son coordonnateur national, le professeur Dr Ally Ndjukendi Omba, neuropsychiatre de son \u00e9tat, \u00e9paul\u00e9 par le secr\u00e9taire ex\u00e9cutif national, Mr Roger Muibou Kithima, le ROASAM a invit\u00e9 les repr\u00e9sentants de plusieurs autres organisations non gouvernementales de la soci\u00e9t\u00e9 de la RDC, ainsi que les d\u00e9l\u00e9gu\u00e9s des h\u00f4pitaux priv\u00e9s et publics de la capitale rd congolaise.<\/p>\n\n\n\n<p> \u00a0\u00bb L&rsquo;objectif est de r\u00e9unir les r\u00e9seaux, les organisations de la soci\u00e9t\u00e9 civile du Congo pour r\u00e9fl\u00e9chir d&rsquo;une part, sur les assurances sant\u00e9, les assurances b\u00e2timents, dans nos activit\u00e9s et d&rsquo;autre part, sur la proposition de r\u00e9forme concernant les professionnels de sant\u00e9, des structures des soins de sant\u00e9. Nous avons constat\u00e9 que, dans les structures des soins de sant\u00e9, il n&rsquo;y a pas d&rsquo;assistants sociaux, de psychologues cliniciens, d&rsquo;anthropologues, voire d&rsquo;aum\u00f4niers \u00ab\u00a0, a expliqu\u00e9 le ROASAM par le biais de son secr\u00e9taire ex\u00e9cutif national, ajoutant que ces professionnels de sant\u00e9 jouent, en fait, un grand r\u00f4le dans le secteur sanitaire aujourd&rsquo;hui.<\/p>\n\n\n\n<p>Insistant sur la n\u00e9cessit\u00e9 pour tous les professionnels de sant\u00e9 de travailler ensemble pour la protection des malades mentaux, le ROASAM a \u00e9galement exprim\u00e9 son engagement \u00e0 aller introduire au minist\u00e8re de la Sant\u00e9 les propositions qui seront sugg\u00e9r\u00e9es \u00e0 l&rsquo;issue de l&rsquo;atelier. Les expos\u00e9s de l&rsquo;atelier ont port\u00e9 sur la nomenclature actuelle du personnel de sant\u00e9 ; l&rsquo;analyse critique et la proposition d&rsquo;une reforme ; l&rsquo;importance des assurances m\u00e9dico-sanitaires en faveur des travailleurs sociaux ou des animateurs des organisations de la soci\u00e9t\u00e9 civile de la RDC. La mise en place et les travaux en commissions sur la conception des attributions de nouveaux personnels de sant\u00e9 ont \u00e9t\u00e9 aussi examin\u00e9s.<\/p>\n","protected":false},"excerpt":{"rendered":"<p>Par Marcel Tshishiku Le R\u00e9seau des ONG d&rsquo;action en sant\u00e9 mentale (ROASAM) organise, du mardi 20 au mercredi 30 juin, au Centre Wallonie Bruxelles \u00e0 Gombe, une commune de la ville de Kinshasa, un atelier d&rsquo;analyse et proposition d&rsquo;int\u00e9gration des assistants sociaux, psychologues et anthropologues dans les structures des soins de sant\u00e9 en vue de [&hellip;]<\/p>\n","protected":false},"author":1,"featured_media":0,"comment_status":"closed","ping_status":"closed","sticky":false,"template":"","format":"standard","meta":{"footnotes":""},"categories":[134,25,10],"tags":[],"class_list":["post-60966","post","type-post","status-publish","format-standard","hentry","category-la-tempete-des-tropiques","category-province","category-societe"],"_links":{"self":[{"href":"https:\/\/www.latempete.info\/index.php?rest_route=\/wp\/v2\/posts\/60966"}],"collection":[{"href":"https:\/\/www.latempete.info\/index.php?rest_route=\/wp\/v2\/posts"}],"about":[{"href":"https:\/\/www.latempete.info\/index.php?rest_route=\/wp\/v2\/types\/post"}],"author":[{"embeddable":true,"href":"https:\/\/www.latempete.info\/index.php?rest_route=\/wp\/v2\/users\/1"}],"replies":[{"embeddable":true,"href":"https:\/\/www.latempete.info\/index.php?rest_route=%2Fwp%2Fv2%2Fcomments&post=60966"}],"version-history":[{"count":1,"href":"https:\/\/www.latempete.info\/index.php?rest_route=\/wp\/v2\/posts\/60966\/revisions"}],"predecessor-version":[{"id":60967,"href":"https:\/\/www.latempete.info\/index.php?rest_route=\/wp\/v2\/posts\/60966\/revisions\/60967"}],"wp:attachment":[{"href":"https:\/\/www.latempete.info\/index.php?rest_route=%2Fwp%2Fv2%2Fmedia&parent=60966"}],"wp:term":[{"taxonomy":"category","embeddable":true,"href":"https:\/\/www.latempete.info\/index.php?rest_route=%2Fwp%2Fv2%2Fcategories&post=60966"},{"taxonomy":"post_tag","embeddable":true,"href":"https:\/\/www.latempete.info\/index.php?rest_route=%2Fwp%2Fv2%2Ftags&post=60966"}],"curies":[{"name":"wp","href":"https:\/\/api.w.org\/{rel}","templated":true}]}}