{"id":60971,"date":"2023-06-23T12:02:29","date_gmt":"2023-06-23T12:02:29","guid":{"rendered":"http:\/\/www.latempete.info\/?p=60971"},"modified":"2023-06-23T12:02:30","modified_gmt":"2023-06-23T12:02:30","slug":"lutte-contre-les-abus-sexuels-et-les-vbg-en-rdc-chantal-mulop-a-sensibilise-les-responsables-des-clubs-sportifs","status":"publish","type":"post","link":"https:\/\/www.latempete.info\/?p=60971","title":{"rendered":"Lutte contre les abus sexuels et les VBG en RDC: Chantal Mulop a sensibilis\u00e9 les responsables des clubs sportifs"},"content":{"rendered":"\n<p><br>Par Carroll Madiya<\/p>\n\n\n\n<p>La Coordination en charge de la jeunesse, lutte contre les violences sexuelle et traite des personnes a organis\u00e9, le Mercredi 2 Juin \u00e0 l&rsquo;h\u00f4tel Memling de Kinshasa, une journ\u00e9e de sensibilisation sur les violences bas\u00e9es sur le genre (VBG) et la traite des personnes dans le secteur sportif en R\u00e9publique D\u00e9mocratique du Congo. Organis\u00e9e en partenariat avec l&rsquo;USAID et l&rsquo;OIM, cette journ\u00e9e de sensibilisation s&rsquo;inscrit dans le cadre de la campagne Carton rouge contre les abus sexuels en milieu sportif dont l&rsquo;objectif fondamental est d&rsquo;utiliser la capacit\u00e9 de mobilisation du sport et de la culture pour combler le gouffre entre les hommes et les femmes afin d&rsquo;atteindre l&rsquo;objectif de l&rsquo;ODD qui consiste \u00e0 combler cet \u00e9cart.<\/p>\n\n\n\n<p>Renforcer la pr\u00e9vention contre des actes de traite combin\u00e9s aux violences sexuelles ; renforcer principalement pour les deux probl\u00e9matiques les connaissances en mati\u00e8re des lois ; et \u00e9changer avec les dirigeants des clubs sur les innovations et exp\u00e9riences d&rsquo;autres pays en la mati\u00e8re, ont \u00e9t\u00e9 les objectifs poursuivi par la dite journ\u00e9e de sensibilisation. Prenant la parole , la Conseill\u00e8re Sp\u00e9ciale du Chef de l&rsquo;\u00c9tat en mati\u00e8re de Jeunesse et Lutte contre les violences faites \u00e0 la femme, Chantal Yelu Mulop, a indiqu\u00e9 que cette journ\u00e9e de sensibilisation a \u00e9t\u00e9 organis\u00e9 en vue de partager les informations , avec tous les participants , aux fins de les outiller sur les valeurs que requiert la campagne Carton rouge contre les abus sexuels en milieu sportif. Elle a exprim\u00e9 sa joie d&rsquo;avoir \u00e9changer avec les responsables des clubs sportifs sur le sujet.<\/p>\n\n\n\n<p>Selon Chantal Mulop, dans plusieurs sessions de formation sur la lutte contre les violences sexuelles et celles bas\u00e9es sur le genre, tr\u00e8s peu d&rsquo;acteurs sportifs ont \u00e9t\u00e9 touch\u00e9s par cette formation.<\/p>\n\n\n\n<p>Pourtant, au sein des milieux sportifs, il s&rsquo;y vit des abus de tout genre, dont les victimes n&rsquo;osent parler, par peur de repr\u00e9sailles, par honte au sein de la communaut\u00e9, voir m\u00eame par tabou pour certains, a-t-elle expliqu\u00e9 en insistant sur le fait que les abus sexuels ont un impact n\u00e9gatif dans la vie des personnes. Ils touchent \u00e0 la fois l&rsquo;esprit, le mental voir m\u00eame la m\u00e9moire de l&rsquo;individu.<\/p>\n\n\n\n<p>\u00a0\u00bb Il me para\u00eet imp\u00e9rieux d&rsquo;\u00e9veiller la conscience de tous les participants pour travailler en synergie afin de barrer la route \u00e0 toute corruption des bonnes m\u0153urs au sein de nos communaut\u00e9s respectives\u00a0\u00bb a insist\u00e9 Chantal Mulop.<\/p>\n\n\n\n<p>Et d&rsquo;ajouter:<\/p>\n\n\n\n<p>\u00a0\u00bb Il faudrait que toute la communaut\u00e9 se l\u00e8ve et lutte efficacement contre toutes les formes de violences sexuelles et celle bas\u00e9es sur le genre, si nous voulons offrir \u00e0 nos enfants, filles et gar\u00e7ons \u00e9voluant dans le secteur sportif, un parcours serein et \u00e9panouissement dans ce qu&rsquo;ils entreprennent\u00a0\u00bb.<br>Des avanc\u00e9es salu\u00e9es<\/p>\n\n\n\n<p>De son c\u00f4t\u00e9, le Pr\u00e9sident, Directeur G\u00e9n\u00e9ral du R\u00e9seau de la Renaissance Africaine et de la Diaspora (ARDN), M. Djibril Diallo a pr\u00e9cis\u00e9 que la RD Congo a \u00e9t\u00e9 choisie dans le cadre de cette campagne pour ses actions entreprises sur le genre.<br>Il a f\u00e9licit\u00e9 les avanc\u00e9es de la RDC sur les questions li\u00e9es \u00e0 l&rsquo;\u00e9quilibre du genre : le gouvernement qui compte aujourd&rsquo;hui 27% des femmes et d&rsquo;autres progr\u00e8s.<\/p>\n\n\n\n<p>Djibril Diallo a surtout f\u00e9licit\u00e9 le Chef de l&rsquo;Etat, qui a pris un certains nombre d&rsquo;initiatives, concernant non seulement la RDC, mais aussi l&rsquo;Afrique en tant que Pr\u00e9sident en exercice de l&rsquo;Union Africaine, a-t-il pr\u00e9cis\u00e9.<\/p>\n\n\n\n<p>En effet, la RDC a toujours \u00e9t\u00e9 pr\u00e9occup\u00e9e par la condition de la jeunesse et surtout de l&rsquo;enfant en tant que renouvellement de l&rsquo;\u00eatre et de la vie en raison de sa vuln\u00e9rabilit\u00e9 ; de sa d\u00e9pendance ; et de son manque de maturit\u00e9 physique, intellectuelle et \u00e9motionnelle. Elle consid\u00e8re la traite, le Harc\u00e8lement et les violences y li\u00e9es dont les abus sexuels, l&rsquo;exploitation sexuelle, (EAS), la discrimination \u00e0 l&rsquo;\u00e9gard des jeunes et surtout des jeunes filles \u00e9voluant en milieu sportif comme l&rsquo;une des formes les plus flagrantes de discrimination et un obstacle majeur \u00e0 la r\u00e9alisation des droits humains fondamentaux par le sport.<\/p>\n\n\n\n<p>En ce qui concerne le Pr\u00e9sident Tshisekedi, ce dernier a imprim\u00e9 dans le pays le leadership en mati\u00e8re de lutte contre les violences faites \u00e0 la femme et \u00e0 la jeune fille \u00e0 travers la mise en \u0153uvre des programmes tels que la campagne Tol\u00e9rance z\u00e9ro, la mise en place du m\u00e9canisme de Justice transitionnelle, l&rsquo;adoption de la d\u00e9claration de Kinshasa issue du sommet des chefs d&rsquo;Etats membres de l&rsquo;union Africaine sur la masculinit\u00e9 positive ainsi que la mise en \u0153uvre de l&rsquo;addendum au communiqu\u00e9 conjoint.<\/p>\n\n\n\n<p>Pour rappel la campagne carton rouge \u00e0 la discrimination et aux violences \u00e0 l&rsquo;\u00e9gard des femmes et des filles a \u00e9t\u00e9 lanc\u00e9 le Mardi 31 mai 2022 \u00e0 Kinshasa. C&rsquo;est une initiative du R\u00e9seau de la Renaissance africaine et de la diaspora (ARDN) en collaboration avec les Nations Unies.<\/p>\n","protected":false},"excerpt":{"rendered":"<p>Par Carroll Madiya La Coordination en charge de la jeunesse, lutte contre les violences sexuelle et traite des personnes a organis\u00e9, le Mercredi 2 Juin \u00e0 l&rsquo;h\u00f4tel Memling de Kinshasa, une journ\u00e9e de sensibilisation sur les violences bas\u00e9es sur le genre (VBG) et la traite des personnes dans le secteur sportif en R\u00e9publique D\u00e9mocratique du [&hellip;]<\/p>\n","protected":false},"author":1,"featured_media":60972,"comment_status":"closed","ping_status":"closed","sticky":false,"template":"","format":"standard","meta":{"footnotes":""},"categories":[134,969,10],"tags":[],"class_list":["post-60971","post","type-post","status-publish","format-standard","has-post-thumbnail","hentry","category-la-tempete-des-tropiques","category-page-de-la-femme","category-societe"],"_links":{"self":[{"href":"https:\/\/www.latempete.info\/index.php?rest_route=\/wp\/v2\/posts\/60971"}],"collection":[{"href":"https:\/\/www.latempete.info\/index.php?rest_route=\/wp\/v2\/posts"}],"about":[{"href":"https:\/\/www.latempete.info\/index.php?rest_route=\/wp\/v2\/types\/post"}],"author":[{"embeddable":true,"href":"https:\/\/www.latempete.info\/index.php?rest_route=\/wp\/v2\/users\/1"}],"replies":[{"embeddable":true,"href":"https:\/\/www.latempete.info\/index.php?rest_route=%2Fwp%2Fv2%2Fcomments&post=60971"}],"version-history":[{"count":1,"href":"https:\/\/www.latempete.info\/index.php?rest_route=\/wp\/v2\/posts\/60971\/revisions"}],"predecessor-version":[{"id":60973,"href":"https:\/\/www.latempete.info\/index.php?rest_route=\/wp\/v2\/posts\/60971\/revisions\/60973"}],"wp:featuredmedia":[{"embeddable":true,"href":"https:\/\/www.latempete.info\/index.php?rest_route=\/wp\/v2\/media\/60972"}],"wp:attachment":[{"href":"https:\/\/www.latempete.info\/index.php?rest_route=%2Fwp%2Fv2%2Fmedia&parent=60971"}],"wp:term":[{"taxonomy":"category","embeddable":true,"href":"https:\/\/www.latempete.info\/index.php?rest_route=%2Fwp%2Fv2%2Fcategories&post=60971"},{"taxonomy":"post_tag","embeddable":true,"href":"https:\/\/www.latempete.info\/index.php?rest_route=%2Fwp%2Fv2%2Ftags&post=60971"}],"curies":[{"name":"wp","href":"https:\/\/api.w.org\/{rel}","templated":true}]}}