{"id":60977,"date":"2023-06-23T12:11:05","date_gmt":"2023-06-23T12:11:05","guid":{"rendered":"http:\/\/www.latempete.info\/?p=60977"},"modified":"2023-06-23T12:11:07","modified_gmt":"2023-06-23T12:11:07","slug":"augure-de-baloji-un-nouveau-film-congolais-expliquant-les-realites-de-la-sorcellerie","status":"publish","type":"post","link":"https:\/\/www.latempete.info\/?p=60977","title":{"rendered":"Augure\u00a0\u00bb de Baloji, un nouveau film congolais expliquant les r\u00e9alit\u00e9s de la sorcellerie"},"content":{"rendered":"\n<p>A l&rsquo;occasion de la pr\u00e9sentation du film \u00ab\u00a0Augure\u00a0\u00bb de Baloji \u00e0 Kinshasa, une conf\u00e9rence de presse a \u00e9t\u00e9 organis\u00e9e hier jeudi 22 juin 2023, dans la salle d&rsquo;exposition de l&rsquo;Acad\u00e9mie des beaux-arts. C&rsquo;\u00e9tait l&rsquo;occasion pour le r\u00e9alisateur et l&rsquo;\u00e9quipe du film d&rsquo;en expliquer \u00e0 tour de r\u00f4le le contenu, le bien-fond\u00e9 et les difficult\u00e9s rencontr\u00e9es lors du tournage surtout en R\u00e9publique D\u00e9mocratique du Congo. <\/p>\n\n\n\n<p>Ce premier film de ce natif de Lubumbashi met en lumi\u00e8re la beaut\u00e9 et la complexit\u00e9 de la RDC, c\u00e9l\u00e9brant son peuple et sa r\u00e9silience. Baloji (qui veut dire sorcier en langue swahili) souligne \u00e9galement l&rsquo;importance de l&rsquo;histoire et de la culture dans la formation de l&rsquo;identit\u00e9. Marc Zinga, prot\u00e9iforme, cin\u00e9aste, musicien, artiste et acteur principal du film, a indiqu\u00e9 que \u00ab\u00a0Augure\u00a0\u00bb se d\u00e9roule dans une ville imaginaire, m\u00e9lange de Kinshasa et Lubumbashi. \u00ab\u00a0J&rsquo;ai parl\u00e9 dans ce film des accusations de sorcellerie auxquelles j&rsquo;ai fait face pendant mon enfance. <\/p>\n\n\n\n<p>Le message essentiel est la sorcellerie vivante, un domaine o\u00f9 il est moins ais\u00e9 de convaincre les gens notamment les partenaires. Ces derniers ont initialement jug\u00e9 le film trop mystique avant de l&rsquo;adopter et d&rsquo;en \u00eatre convaincus\u00a0\u00bb, a-t-il expliqu\u00e9. La projection de ce film est pr\u00e9vue en septembre 2023 \u00e0 Lubumbashi puis dans d&rsquo;autres provinces. \u00ab\u00a0J&rsquo;irai aussi dans l&rsquo;Est du pays pour sa projection notamment \u00e0 Goma, Kisangani et Bukavu\u00a0\u00bb, a expliqu\u00e9 l&rsquo;auteur de \u00ab\u00a0Augure\u00a0\u00bb.<\/p>\n\n\n\n<p>Le Gouvernement congolais est appel\u00e9 \u00e0 structurer et promouvoir d&rsquo;avantage la culture du cin\u00e9ma en R\u00e9publique d\u00e9mocratique du Congo surtout que certains congolais commencent d\u00e9j\u00e0 \u00e0 faire la fiert\u00e9 du pays \u00e0 l&rsquo;ext\u00e9rieur dans le septi\u00e8me art. \u00ab\u00a0Je suis tr\u00e8s heureux qu&rsquo;aujourd&rsquo;hui ce film soit pr\u00e9sent\u00e9 au Congo surtout que c&rsquo;est le public le plus important pour moi.<\/p>\n\n\n\n<p>Le tournage \u00e0 Kinshasa, Kipushi et Lubumbashi nous a pris un mois. Nous avons commenc\u00e9 \u00e0 d\u00e9velopper le film en 2019 et il a \u00e9t\u00e9 tourn\u00e9 en 2022&Prime;, a relev\u00e9 Emmanuel Lupia, coproducteur du film Baloji. Gr\u00e2ce \u00e0 ce film, nous avons \u00e9t\u00e9 prim\u00e9s au festival de Cannes et j&rsquo;\u00e9prouve aujourd&rsquo;hui un sentiment de joie en tant que Congolais par rapport \u00e0 cette \u0153uvre. Car il va rayonner le cin\u00e9ma congolais \u00ab\u00a0, a d\u00e9clar\u00e9 Emmanuel Lupia.<\/p>\n\n\n\n<p>Le film \u00ab\u00a0Augure\u00a0\u00bb de Baloji qui sera projet\u00e9 du 22 au 24 juin 2023 \u00e0 Kinshasa, a remport\u00e9 au cours de cette ann\u00e9e le prestigieux prix New voice dans la cat\u00e9gorie \u00ab\u00a0Un certain regard\u00a0\u00bb du festival de Cannes. Il sortira dans les prochaines semaines en salle en Afrique, en Europe et aux Etats-Unis. \u00ab\u00a0Augure\u00a0\u00bb est un film choral dont les quatre personnages, vus comme sorciers par leurs familles et communaut\u00e9s, vont voir leurs destins se croiser dans un Congo onirique.<\/p>\n","protected":false},"excerpt":{"rendered":"<p>A l&rsquo;occasion de la pr\u00e9sentation du film \u00ab\u00a0Augure\u00a0\u00bb de Baloji \u00e0 Kinshasa, une conf\u00e9rence de presse a \u00e9t\u00e9 organis\u00e9e hier jeudi 22 juin 2023, dans la salle d&rsquo;exposition de l&rsquo;Acad\u00e9mie des beaux-arts. C&rsquo;\u00e9tait l&rsquo;occasion pour le r\u00e9alisateur et l&rsquo;\u00e9quipe du film d&rsquo;en expliquer \u00e0 tour de r\u00f4le le contenu, le bien-fond\u00e9 et les difficult\u00e9s rencontr\u00e9es [&hellip;]<\/p>\n","protected":false},"author":1,"featured_media":60978,"comment_status":"closed","ping_status":"closed","sticky":false,"template":"","format":"standard","meta":{"footnotes":""},"categories":[126,8,134],"tags":[],"class_list":["post-60977","post","type-post","status-publish","format-standard","has-post-thumbnail","hentry","category-cinema","category-culture-media","category-la-tempete-des-tropiques"],"_links":{"self":[{"href":"https:\/\/www.latempete.info\/index.php?rest_route=\/wp\/v2\/posts\/60977"}],"collection":[{"href":"https:\/\/www.latempete.info\/index.php?rest_route=\/wp\/v2\/posts"}],"about":[{"href":"https:\/\/www.latempete.info\/index.php?rest_route=\/wp\/v2\/types\/post"}],"author":[{"embeddable":true,"href":"https:\/\/www.latempete.info\/index.php?rest_route=\/wp\/v2\/users\/1"}],"replies":[{"embeddable":true,"href":"https:\/\/www.latempete.info\/index.php?rest_route=%2Fwp%2Fv2%2Fcomments&post=60977"}],"version-history":[{"count":1,"href":"https:\/\/www.latempete.info\/index.php?rest_route=\/wp\/v2\/posts\/60977\/revisions"}],"predecessor-version":[{"id":60979,"href":"https:\/\/www.latempete.info\/index.php?rest_route=\/wp\/v2\/posts\/60977\/revisions\/60979"}],"wp:featuredmedia":[{"embeddable":true,"href":"https:\/\/www.latempete.info\/index.php?rest_route=\/wp\/v2\/media\/60978"}],"wp:attachment":[{"href":"https:\/\/www.latempete.info\/index.php?rest_route=%2Fwp%2Fv2%2Fmedia&parent=60977"}],"wp:term":[{"taxonomy":"category","embeddable":true,"href":"https:\/\/www.latempete.info\/index.php?rest_route=%2Fwp%2Fv2%2Fcategories&post=60977"},{"taxonomy":"post_tag","embeddable":true,"href":"https:\/\/www.latempete.info\/index.php?rest_route=%2Fwp%2Fv2%2Ftags&post=60977"}],"curies":[{"name":"wp","href":"https:\/\/api.w.org\/{rel}","templated":true}]}}