{"id":60980,"date":"2023-06-23T12:13:20","date_gmt":"2023-06-23T12:13:20","guid":{"rendered":"http:\/\/www.latempete.info\/?p=60980"},"modified":"2023-06-23T12:13:22","modified_gmt":"2023-06-23T12:13:22","slug":"tuerie-des-41-eleves-en-ouganda-des-pourparlers-recommandes","status":"publish","type":"post","link":"https:\/\/www.latempete.info\/?p=60980","title":{"rendered":"Tuerie des 41 \u00e9l\u00e8ves en Ouganda : des pourparlers recommand\u00e9s"},"content":{"rendered":"\n<p><br>Par Marcel Tshishiku<\/p>\n\n\n\n<p>Les bellig\u00e9rants impliqu\u00e9s dans le climat d&rsquo;ins\u00e9curit\u00e9 pr\u00e9valant dans la sous-r\u00e9gion des Grands Lacs africains sont appel\u00e9s \u00e0 s&rsquo;asseoir autour d&rsquo;une m\u00eame table pour trouver \u00a0\u00bb une solution n\u00e9goci\u00e9e \u00a0\u00bb aux affrontements qui font des victimes en Ouganda et en RD Congo. L&rsquo;appel est lanc\u00e9 par le p\u00e8re Sunday Augustine Masereka, responsable du bureau de communication du dioc\u00e8se ougandais de Kasese, tout pr\u00e8s du lieu de l&rsquo;attaque, lors d&rsquo;un entretien avec les responsables de la newsletter du Vatican publi\u00e9e mercredi 21 juin, vers 22 heures de Kinshasa.<\/p>\n\n\n\n<p> \u00a0\u00bb Ce qu&rsquo;il faut, c&rsquo;est une solution n\u00e9goci\u00e9e, car les habitants continuent de mourir et les combats ne r\u00e9solvent rien. Au contraire, les pourparlers de paix rassemblent les diff\u00e9rents groupes pour qu&rsquo;ils parlent, partagent et se mettent d&rsquo;accord. Car, sans cela, les gens continueront \u00e0 mourir \u00ab\u00a0, a insist\u00e9 le pr\u00eatre.<\/p>\n\n\n\n<p>Le p\u00e8re Sunday Augustine Masereka a, d&rsquo;entr\u00e9e de jeu, rappel\u00e9 l&rsquo;attaque terroriste perp\u00e9tr\u00e9 la nuit du 16 au 17 juin dans une \u00e9cole secondaire de l&rsquo;Ouest de l&rsquo;Ouganda et ayant caus\u00e9 au moins 41 morts, pour la plupart des \u00e9l\u00e8ves ainsi qu&rsquo;un nombre ind\u00e9termin\u00e9 de jeunes enlev\u00e9s, auxquels s&rsquo;ajoutent huit personnes gri\u00e8vement bless\u00e9es, apr\u00e8s avoir subi des br\u00fblures lorsque les rebelles ont mis le feu au b\u00e2timent.<\/p>\n\n\n\n<p>Les ADF point\u00e9s du doigt<\/p>\n\n\n\n<p>Selon la source, la police ougandaise a imput\u00e9 le massacre aux militants des Forces d\u00e9mocratiques alli\u00e9es (ADF), un groupe bas\u00e9 dans l&rsquo;Est de la R\u00e9publique D\u00e9mocratique du Congo, qui a pr\u00eat\u00e9 serment d&rsquo;all\u00e9geance \u00e0 l&rsquo;\u00c9tat islamique.<\/p>\n\n\n\n<p>\u00a0\u00bb La raison de cette attaque est la riposte des rebelles ougandais contre les Forces de d\u00e9fense du peuple ougandais (UPDF) qui les chassent du Congo D\u00e9mocratique pour aider les soldats et le Gouvernement de ce pays \u00e0 combattre les miliciens, alors qu&rsquo;ils s&rsquo;entra\u00eenent en RDC pour combattre l&rsquo;Ouganda \u00ab\u00a0, poursuit la source, ajoutant que les ADF ont perp\u00e9tr\u00e9 d&rsquo;innombrables attaques et meurtres ces derni\u00e8res ann\u00e9es, tant en Ouganda que dans l&rsquo;Est de la RD Congo et que les \u00e9glises et les pr\u00eatres ont \u00e9galement \u00e9t\u00e9 pris pour cible.<\/p>\n\n\n\n<p>Une guerre oubli\u00e9e !<\/p>\n\n\n\n<p>Interrog\u00e9 sur le soutien international dans la r\u00e9gion, le pr\u00eatre ougandais a r\u00e9pondu qu&rsquo;il y a des forces de l&rsquo;ONU dans l&rsquo;Est de la RDC, mais que le sentiment g\u00e9n\u00e9ral est que ces forces sont largement inefficaces.<\/p>\n\n\n\n<p>\u00a0\u00bb Selon les Congolais, elles ne font pas grand-chose et de nombreuses personnes sont d\u00e9plac\u00e9es au Congo. Ils souffrent beaucoup au Congo et m\u00eame des pr\u00eatres sont tu\u00e9s. Il y a un grand besoin d&rsquo;aide, mais ceux qui sont sur place n&rsquo;aident pas beaucoup. C&rsquo;est pourquoi les Congolais ne sont pas tr\u00e8s \u00e0 l&rsquo;aise avec les Nations Unies \u00ab\u00a0, a encore expliqu\u00e9 le pr\u00eatre. Et de conclure : \u00a0\u00bb Tout le monde a int\u00e9r\u00eat \u00e0 s&rsquo;impliquer par la pri\u00e8re dans le drame que vivent les deux pays africains, tout comme l&rsquo;\u00c9glise doit s&rsquo;impliquer. Les m\u00e9dias ont le r\u00f4le de soulever dans la question de cette guerre oubli\u00e9e, car des gens continuent de mourir au Congo. \u00ab\u00a0<\/p>\n","protected":false},"excerpt":{"rendered":"<p>Par Marcel Tshishiku Les bellig\u00e9rants impliqu\u00e9s dans le climat d&rsquo;ins\u00e9curit\u00e9 pr\u00e9valant dans la sous-r\u00e9gion des Grands Lacs africains sont appel\u00e9s \u00e0 s&rsquo;asseoir autour d&rsquo;une m\u00eame table pour trouver \u00a0\u00bb une solution n\u00e9goci\u00e9e \u00a0\u00bb aux affrontements qui font des victimes en Ouganda et en RD Congo. L&rsquo;appel est lanc\u00e9 par le p\u00e8re Sunday Augustine Masereka, responsable [&hellip;]<\/p>\n","protected":false},"author":1,"featured_media":0,"comment_status":"closed","ping_status":"closed","sticky":false,"template":"","format":"standard","meta":{"footnotes":""},"categories":[135,27,134,10],"tags":[],"class_list":["post-60980","post","type-post","status-publish","format-standard","hentry","category-internationale-2","category-internationale","category-la-tempete-des-tropiques","category-societe"],"_links":{"self":[{"href":"https:\/\/www.latempete.info\/index.php?rest_route=\/wp\/v2\/posts\/60980"}],"collection":[{"href":"https:\/\/www.latempete.info\/index.php?rest_route=\/wp\/v2\/posts"}],"about":[{"href":"https:\/\/www.latempete.info\/index.php?rest_route=\/wp\/v2\/types\/post"}],"author":[{"embeddable":true,"href":"https:\/\/www.latempete.info\/index.php?rest_route=\/wp\/v2\/users\/1"}],"replies":[{"embeddable":true,"href":"https:\/\/www.latempete.info\/index.php?rest_route=%2Fwp%2Fv2%2Fcomments&post=60980"}],"version-history":[{"count":1,"href":"https:\/\/www.latempete.info\/index.php?rest_route=\/wp\/v2\/posts\/60980\/revisions"}],"predecessor-version":[{"id":60981,"href":"https:\/\/www.latempete.info\/index.php?rest_route=\/wp\/v2\/posts\/60980\/revisions\/60981"}],"wp:attachment":[{"href":"https:\/\/www.latempete.info\/index.php?rest_route=%2Fwp%2Fv2%2Fmedia&parent=60980"}],"wp:term":[{"taxonomy":"category","embeddable":true,"href":"https:\/\/www.latempete.info\/index.php?rest_route=%2Fwp%2Fv2%2Fcategories&post=60980"},{"taxonomy":"post_tag","embeddable":true,"href":"https:\/\/www.latempete.info\/index.php?rest_route=%2Fwp%2Fv2%2Ftags&post=60980"}],"curies":[{"name":"wp","href":"https:\/\/api.w.org\/{rel}","templated":true}]}}