{"id":60983,"date":"2023-06-26T09:52:50","date_gmt":"2023-06-26T09:52:50","guid":{"rendered":"http:\/\/www.latempete.info\/?p=60983"},"modified":"2023-06-26T09:52:51","modified_gmt":"2023-06-26T09:52:51","slug":"prenant-la-parole-a-la-celebration-du-jubile-dargent-de-mgr-bernard-kasanda-a-mbujimayi-felix-tshisekedi-appelle-a-lunite-entre-leglise-et-de-letat","status":"publish","type":"post","link":"https:\/\/www.latempete.info\/?p=60983","title":{"rendered":"Prenant la parole \u00e0 la c\u00e9l\u00e9bration du jubil\u00e9 d&rsquo;argent de Mgr Bernard Kasanda \u00e0 Mbujimayi: F\u00e9lix Tshisekedi appelle \u00e0 l&rsquo;unit\u00e9 entre l&rsquo;\u00c9glise et de l&rsquo;\u00c9tat"},"content":{"rendered":"\n<p><br>Par Carroll Madiya<\/p>\n\n\n\n<p>En s\u00e9jour depuis Samedi 24 Juin \u00e0 Mbujimayi, au Kasa\u00ef Oriental, le Pr\u00e9sident de la R\u00e9publique, F\u00e9lix Antoine Tshisekedi Tshilombo a pris part, hier dimanche 25 Juin, \u00e0 la messe d&rsquo;action de gr\u00e2ce marquant le jubil\u00e9 d&rsquo;argent de Mgr Bernard-Emmanuel Kasanda, \u00e9v\u00eaque du dioc\u00e8se de cette ville, qui a totalis\u00e9 25 ans d&rsquo;\u00e9piscopat.<\/p>\n\n\n\n<p>Devant plus de 40 000 personnes r\u00e9unies au Stade Kashala Bonzola pour cette messe, le Chef de l&rsquo;Etat a pr\u00each\u00e9 pour l&rsquo;unit\u00e9 entre l&rsquo;Eglise et le pouvoir.<br>Pour F\u00e9lix Tshisekedi, l&rsquo;Etat et l&rsquo;Eglise doivent travailler obligatoirement dans l&rsquo;unit\u00e9. Le locataire du Palais de la Nation a d\u00e9plor\u00e9 la tendance de certains hommes de Dieu qui travaillent pour diviser. \u00a0\u00bb L&rsquo;Etat et l&rsquo;Eglise ont l&rsquo;obligation de collaborer. Parmi vous, certains ont pris une tendance dangereuse qui pourrait nous diviser.<\/p>\n\n\n\n<p>Je n&rsquo;accepterai pas une telle d\u00e9rive \u00ab\u00a0, a d\u00e9clar\u00e9 le Pr\u00e9sident, sous les acclamations fr\u00e9n\u00e9tiques du pr\u00e9lat catholique et de l&rsquo;assistance.<br>Dans son hom\u00e9lie, le pr\u00e9dicateur du jour, Monseigneur Pierre-C\u00e9lestin Tshitoko, Ev\u00eaque du dioc\u00e8se de Luebo, dans la province voisine du Kasa\u00ef Central, a exprim\u00e9 la reconnaissance de tout le peuple kasa\u00efen au Pr\u00e9sident Tshisekedi. \u00a0\u00bb Vous nous avez touch\u00e9 par votre sollicitude paternelle sp\u00e9cialement envers les pauvres, les orphelins et les abandonn\u00e9s; a combien d&rsquo;\u00e9l\u00e8ves et des jeunes vous avez rendu la joie de vivre en supportant leurs \u00e9tudes et en les prot\u00e9geant de la m\u00e9chancet\u00e9 des hommes. Courageusement vous avez port\u00e9 votre croix au quotidien \u00a0\u00bb a, en substance, pr\u00each\u00e9 Mgr Tshitoko.<\/p>\n\n\n\n<p>Comme il a toujours fait en pareille circonstance, le Chef de l&rsquo;Etat a remis un V\u00e9hicule tout terrain dernier cri \u00e0 Mgr Bernard Kasanda pour son itin\u00e9rance.<\/p>\n\n\n\n<p>Notabilit\u00e9 tr\u00e8s respect\u00e9e, tant au sein de l&rsquo;\u00c9glise catholique qu&rsquo;au sein de la population, Monseigneur Kasanda a f\u00e9d\u00e9r\u00e9 autour de lui, toute la population de l&rsquo;espace Grand Kasa\u00ef.<\/p>\n\n\n\n<p>La pr\u00e9sence du Pr\u00e9sident Tshisekedi a \u00e9t\u00e9 tr\u00e8s appr\u00e9ci\u00e9e par la population, qui a c\u00e9l\u00e9br\u00e9 avec faste cet \u00e9v\u00e9nement.<\/p>\n\n\n\n<p>Les travaux de lutte anti\u00e9rosive lanc\u00e9s \u00e0 Kananga<\/p>\n\n\n\n<p>Il faut noter que c&rsquo;est depuis Vendredi 23 Juin que le Magistrat Supr\u00eame s\u00e9journe au Grand Kasa\u00ef, pour une visite d&rsquo;inspection des travaux de modernisation de cette r\u00e9gion. L&rsquo;homme a commenc\u00e9, le Vendredi 23 Juin, par le Kasa\u00ef Central o\u00f9 il lanc\u00e9, \u00e0 Kananga, les travaux de lutte anti\u00e9rosive. Financ\u00e9 \u00e0 hauteur de 100 millions USD, ces travaux s&rsquo;inscrivent dans le cadre du Projet d&rsquo;Urgence et de R\u00e9silience Urbaine de Kananga (PURUK). Ils consistent en la construction des gros collecteurs, la stabilisation des talus et la plantation des plantes anti\u00e9rosive, a expliqu\u00e9 le responsable provincial de l&rsquo;Office Voirie et Drainage (OVD).<\/p>\n\n\n\n<p>Pour clore sa tourn\u00e9e \u00e0 Kananga, F\u00e9lix Tshisekedi a visit\u00e9, le samedi 24 Juin, plusieurs chantiers avant de se rendre \u00e0 Mbuji-Mayi. Cette visite a d\u00e9but\u00e9 par l&rsquo;ex-Ath\u00e9n\u00e9e royal de Kananga, o\u00f9 plusieurs b\u00e2timents, dont six nouveaux, pouvant accueillir 10.000 \u00e9l\u00e8ves, sont en construction.<br>Le Chef de l&rsquo;Etat s&rsquo;est rendu ensuite sur le site de construction de la nouvelle morgue de Kananga.<\/p>\n\n\n\n<p>Il a boucl\u00e9 sa tourn\u00e9e \u00e0 Kananga par la visite du chantier de la nouvelle Universit\u00e9 de Kananga en construction. Au Kasa\u00ef Oriental, le Pr\u00e9sident de la R\u00e9publique a tenu \u00e0 visiter aussi diff\u00e9rents travaux de modernisation de cette ville. Plusieurs art\u00e8res de la ville jadis menac\u00e9 par des \u00e9rosions sont modernis\u00e9es. D&rsquo;ici la fin de l&rsquo;ann\u00e9e, F\u00e9lix Tshisekedi entend offrir \u00e0 la population beaucoup d&rsquo;infrastructure en cours de construction.<\/p>\n","protected":false},"excerpt":{"rendered":"<p>Par Carroll Madiya En s\u00e9jour depuis Samedi 24 Juin \u00e0 Mbujimayi, au Kasa\u00ef Oriental, le Pr\u00e9sident de la R\u00e9publique, F\u00e9lix Antoine Tshisekedi Tshilombo a pris part, hier dimanche 25 Juin, \u00e0 la messe d&rsquo;action de gr\u00e2ce marquant le jubil\u00e9 d&rsquo;argent de Mgr Bernard-Emmanuel Kasanda, \u00e9v\u00eaque du dioc\u00e8se de cette ville, qui a totalis\u00e9 25 ans [&hellip;]<\/p>\n","protected":false},"author":1,"featured_media":60984,"comment_status":"closed","ping_status":"closed","sticky":false,"template":"","format":"standard","meta":{"footnotes":""},"categories":[136,134,25,10],"tags":[],"class_list":["post-60983","post","type-post","status-publish","format-standard","has-post-thumbnail","hentry","category-a-la-une","category-la-tempete-des-tropiques","category-province","category-societe"],"_links":{"self":[{"href":"https:\/\/www.latempete.info\/index.php?rest_route=\/wp\/v2\/posts\/60983"}],"collection":[{"href":"https:\/\/www.latempete.info\/index.php?rest_route=\/wp\/v2\/posts"}],"about":[{"href":"https:\/\/www.latempete.info\/index.php?rest_route=\/wp\/v2\/types\/post"}],"author":[{"embeddable":true,"href":"https:\/\/www.latempete.info\/index.php?rest_route=\/wp\/v2\/users\/1"}],"replies":[{"embeddable":true,"href":"https:\/\/www.latempete.info\/index.php?rest_route=%2Fwp%2Fv2%2Fcomments&post=60983"}],"version-history":[{"count":1,"href":"https:\/\/www.latempete.info\/index.php?rest_route=\/wp\/v2\/posts\/60983\/revisions"}],"predecessor-version":[{"id":60985,"href":"https:\/\/www.latempete.info\/index.php?rest_route=\/wp\/v2\/posts\/60983\/revisions\/60985"}],"wp:featuredmedia":[{"embeddable":true,"href":"https:\/\/www.latempete.info\/index.php?rest_route=\/wp\/v2\/media\/60984"}],"wp:attachment":[{"href":"https:\/\/www.latempete.info\/index.php?rest_route=%2Fwp%2Fv2%2Fmedia&parent=60983"}],"wp:term":[{"taxonomy":"category","embeddable":true,"href":"https:\/\/www.latempete.info\/index.php?rest_route=%2Fwp%2Fv2%2Fcategories&post=60983"},{"taxonomy":"post_tag","embeddable":true,"href":"https:\/\/www.latempete.info\/index.php?rest_route=%2Fwp%2Fv2%2Ftags&post=60983"}],"curies":[{"name":"wp","href":"https:\/\/api.w.org\/{rel}","templated":true}]}}