{"id":61810,"date":"2023-08-04T12:22:01","date_gmt":"2023-08-04T12:22:01","guid":{"rendered":"http:\/\/www.latempete.info\/?p=61810"},"modified":"2023-08-04T12:22:03","modified_gmt":"2023-08-04T12:22:03","slug":"defense-et-securite-des-laureats-africains-brevetes-par-fatshi-et-le-centrafricain-touadera","status":"publish","type":"post","link":"https:\/\/www.latempete.info\/?p=61810","title":{"rendered":"D\u00e9fense et s\u00e9curit\u00e9 : des laur\u00e9ats africains brevet\u00e9s par Fatshi et le Centrafricain Touadera"},"content":{"rendered":"\n<p>Le Chef de l&rsquo;Etat F\u00e9lix Tshisekedi a pr\u00e9sid\u00e9, hier jeudi 3 ao\u00fbt, la c\u00e9r\u00e9monie de remise des brevets \u00e0 218 auditeurs de la 8\u00e8me session ordinaire et 6\u00e8me session sp\u00e9ciale du Coll\u00e8ge des Hautes \u00e9tudes de strat\u00e9gie et de d\u00e9fense (CHESD), ainsi qu&rsquo;\u00e0 27 stagiaires de la 6\u00e8me promotion de l&rsquo;Ecole sup\u00e9rieure d&rsquo;administration militaire (ESAM). C&rsquo;\u00e9tait \u00e0 l&rsquo;occasion d&rsquo;une double c\u00e9r\u00e9monie : cl\u00f4ture de l&rsquo;ann\u00e9e acad\u00e9mique 2022-2023 et ouverture de la nouvelle ann\u00e9e 2023-2024.<\/p>\n\n\n\n<p>Cet \u00e9v\u00e9nement a \u00e9t\u00e9 marqu\u00e9e par la pr\u00e9sence du Pr\u00e9sident centrafricain et parrain de la 8\u00e8 session ordinaire du CHESD, le professeur Faustin-Archange Touadera. Les laur\u00e9ats sont originaires de la R\u00e9publique D\u00e9mocratique du Congo (RDC), de la R\u00e9publique du Congo, de la R\u00e9publique centrafricaine, du B\u00e9nin, du Cameroun et du Burundi. Parmi eux, 180 sont de la 8\u00e8me session ordinaire du CHESD d\u00e9nomm\u00e9e<br>\u00a0\u00bb Promotion Faustin-Archange Touadera \u00ab\u00a0, 38 de la 6\u00e8me session sp\u00e9ciale de ce coll\u00e8ge appel\u00e9e \u00a0\u00bb Promotion Christophe Mboso \u00a0\u00bb et 27 sont stagiaires de la 6\u00e8me promotion de l&rsquo;ESAM d\u00e9nom\u00e9e \u00a0\u00bb Guy LuandoMboyo \u00ab\u00a0.<\/p>\n\n\n\n<p>Le commandant du CHESD, le G\u00e9n\u00e9ral Augustin Mamba a rendu un vibrant hommage au Chef de l&rsquo;\u00c9tat et Commandant supr\u00eame des Forces arm\u00e9es de la RDC (FARDC), F\u00e9lix Tshisekedi, qui \u00a0\u00bb n&rsquo;a jamais cess\u00e9 d&rsquo;honorer ce coll\u00e8ge creus\u00e9 de connaissances strat\u00e9giques et outil de l&rsquo;autonomie strat\u00e9gique \u00ab\u00a0. Il a \u00e9galement salu\u00e9 \u00a0\u00bb la volont\u00e9 manifeste clairement exprim\u00e9e du Pr\u00e9sident de la R\u00e9publique de bien former et \u00e9quiper notre arm\u00e9e afin de la rendre capable de relever les d\u00e9fis du moment. \u00a0\u00bb Pour sa part, le chef d&rsquo;Etat-major g\u00e9n\u00e9ral des FARDC, le g\u00e9n\u00e9ral d&rsquo;arm\u00e9e Christian Tshiwewe, a salu\u00e9 la vision du Chef de l&rsquo;Etat qui a pour finalit\u00e9 la comp\u00e9titivit\u00e9 de l&rsquo;outil de d\u00e9fense des FARDC dans tous les aspects, y compris celui de la formation qui contribue \u00e0 faire de l&rsquo;arm\u00e9e nationale une arm\u00e9e \u00e0 la hauteur de tous les enjeux tant au niveau national, r\u00e9gional qu&rsquo;international.<\/p>\n\n\n\n<p>Le Vice-Premier ministre, ministre de la D\u00e9fense, Jean Pierre Bemba, s&rsquo;est r\u00e9joui de voir s&rsquo;ajouter une nouvelle promotion de strat\u00e8ges et strat\u00e9gistes form\u00e9s au coll\u00e8ge du CHESD ainsi que des administrateurs de qualit\u00e9 form\u00e9s \u00e0 l&rsquo;ESAM. Il a exhort\u00e9 les diff\u00e9rentes institutions auxquelles ils appartiennent \u00e0 pouvoir bien les utiliser.<\/p>\n\n\n\n<p>Cr\u00e9\u00e9 en 2016, le CHESD est inspir\u00e9 du mod\u00e8le fran\u00e7ais, belge, am\u00e9ricain et chinois. Cet \u00e9tablissement sup\u00e9rieur d&rsquo;enseignement militaire a pour mission de former, et de permettre une r\u00e9flexion prospective et des recherches strat\u00e9giques sur des questions de s\u00e9curit\u00e9. Il est le plus prestigieux \u00e9tablissement de sa cat\u00e9gorie en Afrique centrale. Cette institution de formation accueille des officiers et cadres de l&rsquo;administration militaire des FARDC et des arm\u00e9es des \u00c9tats de la Communaut\u00e9 \u00c9conomique des \u00c9tats de l&rsquo;Afrique Centrale (CEMAC).<\/p>\n\n\n\n<p>(Cellcom Pr\u00e9sidence\/ TDT)<\/p>\n","protected":false},"excerpt":{"rendered":"<p>Le Chef de l&rsquo;Etat F\u00e9lix Tshisekedi a pr\u00e9sid\u00e9, hier jeudi 3 ao\u00fbt, la c\u00e9r\u00e9monie de remise des brevets \u00e0 218 auditeurs de la 8\u00e8me session ordinaire et 6\u00e8me session sp\u00e9ciale du Coll\u00e8ge des Hautes \u00e9tudes de strat\u00e9gie et de d\u00e9fense (CHESD), ainsi qu&rsquo;\u00e0 27 stagiaires de la 6\u00e8me promotion de l&rsquo;Ecole sup\u00e9rieure d&rsquo;administration militaire (ESAM). [&hellip;]<\/p>\n","protected":false},"author":1,"featured_media":61811,"comment_status":"closed","ping_status":"closed","sticky":false,"template":"","format":"standard","meta":{"footnotes":""},"categories":[136,134,10],"tags":[],"class_list":["post-61810","post","type-post","status-publish","format-standard","has-post-thumbnail","hentry","category-a-la-une","category-la-tempete-des-tropiques","category-societe"],"_links":{"self":[{"href":"https:\/\/www.latempete.info\/index.php?rest_route=\/wp\/v2\/posts\/61810"}],"collection":[{"href":"https:\/\/www.latempete.info\/index.php?rest_route=\/wp\/v2\/posts"}],"about":[{"href":"https:\/\/www.latempete.info\/index.php?rest_route=\/wp\/v2\/types\/post"}],"author":[{"embeddable":true,"href":"https:\/\/www.latempete.info\/index.php?rest_route=\/wp\/v2\/users\/1"}],"replies":[{"embeddable":true,"href":"https:\/\/www.latempete.info\/index.php?rest_route=%2Fwp%2Fv2%2Fcomments&post=61810"}],"version-history":[{"count":1,"href":"https:\/\/www.latempete.info\/index.php?rest_route=\/wp\/v2\/posts\/61810\/revisions"}],"predecessor-version":[{"id":61812,"href":"https:\/\/www.latempete.info\/index.php?rest_route=\/wp\/v2\/posts\/61810\/revisions\/61812"}],"wp:featuredmedia":[{"embeddable":true,"href":"https:\/\/www.latempete.info\/index.php?rest_route=\/wp\/v2\/media\/61811"}],"wp:attachment":[{"href":"https:\/\/www.latempete.info\/index.php?rest_route=%2Fwp%2Fv2%2Fmedia&parent=61810"}],"wp:term":[{"taxonomy":"category","embeddable":true,"href":"https:\/\/www.latempete.info\/index.php?rest_route=%2Fwp%2Fv2%2Fcategories&post=61810"},{"taxonomy":"post_tag","embeddable":true,"href":"https:\/\/www.latempete.info\/index.php?rest_route=%2Fwp%2Fv2%2Ftags&post=61810"}],"curies":[{"name":"wp","href":"https:\/\/api.w.org\/{rel}","templated":true}]}}