{"id":61921,"date":"2023-08-09T15:59:59","date_gmt":"2023-08-09T15:59:59","guid":{"rendered":"http:\/\/www.latempete.info\/?p=61921"},"modified":"2023-08-09T16:00:00","modified_gmt":"2023-08-09T16:00:00","slug":"12-aout-au-stade-des-martyrs-le-concert-de-felix-wazekwa-confirme","status":"publish","type":"post","link":"https:\/\/www.latempete.info\/?p=61921","title":{"rendered":"12 ao\u00fbt au Stade des Martyrs : le concert de F\u00e9lix Wazekwa confirm\u00e9"},"content":{"rendered":"\n<p><br>Par YHR<\/p>\n\n\n\n<p>Le concert de F\u00e9lix Wazekwa est confirm\u00e9 pour le samedi 12 ao\u00fbt 2023 au Stade des Martyrs de la Pentec\u00f4te. C&rsquo;est l&rsquo;artiste-musicien lui-m\u00eame qui a fait cette r\u00e9v\u00e9lation sur les antennes de TOP CONGO FM. L&rsquo;homme va se produire pour la premi\u00e8re fois de sa carri\u00e8re dans cette ar\u00e8ne de plus de 80 mille places.<\/p>\n\n\n\n<p> Il y aura comme guest-star le talentueux Fabregas. F\u00e9lix Wazekwa est n\u00e9 le 14 septembre 1962 \u00e0 Kinshasa. C&rsquo;est un artiste-musicien et parolier congolais, connu au d\u00e9part pour ses collaborations avec Papa Wemba. Le natif de la commune de Matete a longtemps eu une rivalit\u00e9 avec un autre g\u00e9ant de la musique congolaise, Koffi Olomid\u00e9.<\/p>\n","protected":false},"excerpt":{"rendered":"<p>Par YHR Le concert de F\u00e9lix Wazekwa est confirm\u00e9 pour le samedi 12 ao\u00fbt 2023 au Stade des Martyrs de la Pentec\u00f4te. C&rsquo;est l&rsquo;artiste-musicien lui-m\u00eame qui a fait cette r\u00e9v\u00e9lation sur les antennes de TOP CONGO FM. L&rsquo;homme va se produire pour la premi\u00e8re fois de sa carri\u00e8re dans cette ar\u00e8ne de plus de 80 [&hellip;]<\/p>\n","protected":false},"author":1,"featured_media":27062,"comment_status":"closed","ping_status":"closed","sticky":false,"template":"","format":"standard","meta":{"footnotes":""},"categories":[8,134,29],"tags":[],"class_list":["post-61921","post","type-post","status-publish","format-standard","has-post-thumbnail","hentry","category-culture-media","category-la-tempete-des-tropiques","category-musique"],"_links":{"self":[{"href":"https:\/\/www.latempete.info\/index.php?rest_route=\/wp\/v2\/posts\/61921"}],"collection":[{"href":"https:\/\/www.latempete.info\/index.php?rest_route=\/wp\/v2\/posts"}],"about":[{"href":"https:\/\/www.latempete.info\/index.php?rest_route=\/wp\/v2\/types\/post"}],"author":[{"embeddable":true,"href":"https:\/\/www.latempete.info\/index.php?rest_route=\/wp\/v2\/users\/1"}],"replies":[{"embeddable":true,"href":"https:\/\/www.latempete.info\/index.php?rest_route=%2Fwp%2Fv2%2Fcomments&post=61921"}],"version-history":[{"count":1,"href":"https:\/\/www.latempete.info\/index.php?rest_route=\/wp\/v2\/posts\/61921\/revisions"}],"predecessor-version":[{"id":61922,"href":"https:\/\/www.latempete.info\/index.php?rest_route=\/wp\/v2\/posts\/61921\/revisions\/61922"}],"wp:featuredmedia":[{"embeddable":true,"href":"https:\/\/www.latempete.info\/index.php?rest_route=\/wp\/v2\/media\/27062"}],"wp:attachment":[{"href":"https:\/\/www.latempete.info\/index.php?rest_route=%2Fwp%2Fv2%2Fmedia&parent=61921"}],"wp:term":[{"taxonomy":"category","embeddable":true,"href":"https:\/\/www.latempete.info\/index.php?rest_route=%2Fwp%2Fv2%2Fcategories&post=61921"},{"taxonomy":"post_tag","embeddable":true,"href":"https:\/\/www.latempete.info\/index.php?rest_route=%2Fwp%2Fv2%2Ftags&post=61921"}],"curies":[{"name":"wp","href":"https:\/\/api.w.org\/{rel}","templated":true}]}}