{"id":63292,"date":"2023-10-16T18:52:20","date_gmt":"2023-10-16T18:52:20","guid":{"rendered":"http:\/\/www.latempete.info\/?p=63292"},"modified":"2023-10-16T18:52:21","modified_gmt":"2023-10-16T18:52:21","slug":"no-1-de-loffice-des-routes-le-professeur-jeanneau-kikangala-salue-lelevation-du-chef-de-letat-au-rang-de-docteur-honoris-causa","status":"publish","type":"post","link":"https:\/\/www.latempete.info\/?p=63292","title":{"rendered":"No 1 de l\u2019Office des Routes : le professeur Jeanneau Kikangala salue l\u2019\u00e9l\u00e9vation du Chef de l\u2019Etat au rang de Docteur honoris causa"},"content":{"rendered":"\n<p><br>Par Marcel Tshishiku<\/p>\n\n\n\n<p>Le Professeur Jeanneau Kikangala a exprim\u00e9, le weekend dernier, son enti\u00e8re satisfaction, apr\u00e8s l\u2019\u00e9l\u00e9vation du Pr\u00e9sident de la R\u00e9publique, F\u00e9lix-Antoine Tshisekedi Tshilombo, Chef de l\u2019Etat, au rang de Docteur honoris causa de l\u2019Universit\u00e9 de Kinshasa, lors d\u2019une c\u00e9r\u00e9monie organis\u00e9e le jeudi 12 octobre 2023 \u00e0 l\u2019initiative du corps professoral de cet \u00e9tablissement acad\u00e9mique.<\/p>\n\n\n\n<p>En sa qualit\u00e9 de directeur de l\u2019Office des routes, le professeur Jeanneau Kikangala a pris part \u00e0 ladite c\u00e9r\u00e9monie. Selon lui, le Chef de l\u2019Etat m\u00e9rite ces honneurs, au regard de ses nombreuses r\u00e9alisations pour l\u2019int\u00e9r\u00eat de toute la Nation congolaise depuis son \u00e9lection \u00e0 la t\u00eate du pays.<\/p>\n\n\n\n<p>Dans le m\u00eame ordre d\u2019id\u00e9es, Jeanneau Kikangala a associ\u00e9 \u00e0 ces hommages le rectorat de l\u2019UNIKIN qui a pris cette d\u00e9cision \u00e0 travers un jury compos\u00e9 d\u2019\u00e9minents professeurs, \u00e9tant donn\u00e9 que les \u0153uvres r\u00e9alis\u00e9es par le Pr\u00e9sident de la R\u00e9publique, F\u00e9lix-Antoine Tshisekedi Tshilombo, sont convaincantes et palpables, \u00e0 quelques semaines du lancement de la campagne \u00e9lectorale. De l\u2019avis de ce mandataire, sur le plan de la bonne gouvernance ou des infrastructures d\u2019int\u00e9r\u00eat g\u00e9n\u00e9ral, sans compter son combat pour la pacification du pays, F\u00e9lix-Antoine Tshisekedi Tshilombo s\u2019est totalement distingu\u00e9 de ses pr\u00e9d\u00e9cesseurs.<\/p>\n\n\n\n<p>Le dipl\u00f4me honoris causa est une distinction prestigieuse accord\u00e9e par une institution universitaire \u00e0 des personnalit\u00e9s \u00e9minentes pour avoir apport\u00e9 une contribution significative dans leur domaine respectif ou \u00e0 la soci\u00e9t\u00e9 dans son ensemble. C\u2019est une reconnaissance de l\u2019excellence et du d\u00e9vouement de l\u2019autorit\u00e9 honor\u00e9e.<\/p>\n","protected":false},"excerpt":{"rendered":"<p>Par Marcel Tshishiku Le Professeur Jeanneau Kikangala a exprim\u00e9, le weekend dernier, son enti\u00e8re satisfaction, apr\u00e8s l\u2019\u00e9l\u00e9vation du Pr\u00e9sident de la R\u00e9publique, F\u00e9lix-Antoine Tshisekedi Tshilombo, Chef de l\u2019Etat, au rang de Docteur honoris causa de l\u2019Universit\u00e9 de Kinshasa, lors d\u2019une c\u00e9r\u00e9monie organis\u00e9e le jeudi 12 octobre 2023 \u00e0 l\u2019initiative du corps professoral de cet \u00e9tablissement [&hellip;]<\/p>\n","protected":false},"author":1,"featured_media":0,"comment_status":"closed","ping_status":"closed","sticky":false,"template":"","format":"standard","meta":{"footnotes":""},"categories":[7,134,10,919],"tags":[],"class_list":["post-63292","post","type-post","status-publish","format-standard","hentry","category-economie","category-la-tempete-des-tropiques","category-societe","category-universite"],"_links":{"self":[{"href":"https:\/\/www.latempete.info\/index.php?rest_route=\/wp\/v2\/posts\/63292"}],"collection":[{"href":"https:\/\/www.latempete.info\/index.php?rest_route=\/wp\/v2\/posts"}],"about":[{"href":"https:\/\/www.latempete.info\/index.php?rest_route=\/wp\/v2\/types\/post"}],"author":[{"embeddable":true,"href":"https:\/\/www.latempete.info\/index.php?rest_route=\/wp\/v2\/users\/1"}],"replies":[{"embeddable":true,"href":"https:\/\/www.latempete.info\/index.php?rest_route=%2Fwp%2Fv2%2Fcomments&post=63292"}],"version-history":[{"count":1,"href":"https:\/\/www.latempete.info\/index.php?rest_route=\/wp\/v2\/posts\/63292\/revisions"}],"predecessor-version":[{"id":63293,"href":"https:\/\/www.latempete.info\/index.php?rest_route=\/wp\/v2\/posts\/63292\/revisions\/63293"}],"wp:attachment":[{"href":"https:\/\/www.latempete.info\/index.php?rest_route=%2Fwp%2Fv2%2Fmedia&parent=63292"}],"wp:term":[{"taxonomy":"category","embeddable":true,"href":"https:\/\/www.latempete.info\/index.php?rest_route=%2Fwp%2Fv2%2Fcategories&post=63292"},{"taxonomy":"post_tag","embeddable":true,"href":"https:\/\/www.latempete.info\/index.php?rest_route=%2Fwp%2Fv2%2Ftags&post=63292"}],"curies":[{"name":"wp","href":"https:\/\/api.w.org\/{rel}","templated":true}]}}