{"id":65495,"date":"2024-03-06T17:33:46","date_gmt":"2024-03-06T17:33:46","guid":{"rendered":"http:\/\/www.latempete.info\/?p=65495"},"modified":"2024-03-06T17:33:47","modified_gmt":"2024-03-06T17:33:47","slug":"du-07-au-30-mars-linstitut-francais-de-kinshasa-vibre-au-rythme-de-lafrican-space-art-project","status":"publish","type":"post","link":"https:\/\/www.latempete.info\/?p=65495","title":{"rendered":"Du 07 au 30 Mars : l&rsquo;Institut Fran\u00e7ais de Kinshasa vibre au rythme de l&rsquo;African Space Art Project"},"content":{"rendered":"\n<p><br>Par YHR<\/p>\n\n\n\n<p>Le jeudi 07 mars, la Salle d&rsquo;exposition de la Halle de la Gombe accueille, \u00e0 18h30, le vernissage de l&rsquo;African Space Art Project. Cette manifestation culturelle, pr\u00e9vue du jeudi 07 au samedi 30 mars, va permettre au public, en entr\u00e9e gratuite, de d\u00e9couvrir de 10h \u00e0 17h (sauf lundi et dimanche), une s\u00e9rie de pi\u00e8ces remarquables. Parmi elles, \u00a0\u00bb Memory of today, Memory of the future \u00a0\u00bb une pi\u00e8ce produite collectivement par les RD Congolais Michel Ekeba et G\u00e9raldine Tob\u00e9, ainsi que le Camerounais Jean-David Nkot. Cette initiative entre dans le cadre de l&rsquo;African Space Art Projet pour t\u00e9moigner du dynamisme de la cr\u00e9ation contemporaine africaine.<\/p>\n\n\n\n<p>Ce projet, port\u00e9 par Matthias et Gervanne Leridon, est le r\u00e9sultat d&rsquo;une longue coop\u00e9ration afro-europ\u00e9enne, soutenue par le fonds de dotation African Artists for Development, l&rsquo;organisation europ\u00e9enne de satellites Eumetsat et Arianespace.<\/p>\n\n\n\n<p>La gen\u00e8se<\/p>\n\n\n\n<p>En 2022, un lanceur europ\u00e9en Ariane 5 a mis en orbite, au-dessus du continent africain, un nouveau satellite g\u00e9ostationnaire m\u00e9t\u00e9orologique d&rsquo;EUMETSAT. L&rsquo;engin \u00e9tait surmont\u00e9 de la reproduction d&rsquo;une \u0153uvre d&rsquo;art contemporaine unique intitul\u00e9e \u00a0\u00bb Memory of today, Memory of the future \u00ab\u00a0. But du satellite : recueillir des donn\u00e9es pour \u00e9tudier les changements climatiques en Afrique.<\/p>\n\n\n\n<p>Apr\u00e8s Paris, Dar Es Salam, Bruxelles, Cotonou, Cape Town, et Casablanca, l&rsquo;African Space Art tour pose ses valises \u00e0 Kinshasa pour pr\u00e9senter une \u0153uvre aux enjeux exceptionnels.<\/p>\n","protected":false},"excerpt":{"rendered":"<p>Par YHR Le jeudi 07 mars, la Salle d&rsquo;exposition de la Halle de la Gombe accueille, \u00e0 18h30, le vernissage de l&rsquo;African Space Art Project. Cette manifestation culturelle, pr\u00e9vue du jeudi 07 au samedi 30 mars, va permettre au public, en entr\u00e9e gratuite, de d\u00e9couvrir de 10h \u00e0 17h (sauf lundi et dimanche), une s\u00e9rie [&hellip;]<\/p>\n","protected":false},"author":1,"featured_media":65496,"comment_status":"closed","ping_status":"closed","sticky":false,"template":"","format":"standard","meta":{"footnotes":""},"categories":[129,126,28,8,127,125,134,128],"tags":[],"class_list":["post-65495","post","type-post","status-publish","format-standard","has-post-thumbnail","hentry","category-caricature","category-cinema","category-coutumes","category-culture-media","category-evenements","category-expo","category-la-tempete-des-tropiques","category-litterature"],"_links":{"self":[{"href":"https:\/\/www.latempete.info\/index.php?rest_route=\/wp\/v2\/posts\/65495"}],"collection":[{"href":"https:\/\/www.latempete.info\/index.php?rest_route=\/wp\/v2\/posts"}],"about":[{"href":"https:\/\/www.latempete.info\/index.php?rest_route=\/wp\/v2\/types\/post"}],"author":[{"embeddable":true,"href":"https:\/\/www.latempete.info\/index.php?rest_route=\/wp\/v2\/users\/1"}],"replies":[{"embeddable":true,"href":"https:\/\/www.latempete.info\/index.php?rest_route=%2Fwp%2Fv2%2Fcomments&post=65495"}],"version-history":[{"count":1,"href":"https:\/\/www.latempete.info\/index.php?rest_route=\/wp\/v2\/posts\/65495\/revisions"}],"predecessor-version":[{"id":65497,"href":"https:\/\/www.latempete.info\/index.php?rest_route=\/wp\/v2\/posts\/65495\/revisions\/65497"}],"wp:featuredmedia":[{"embeddable":true,"href":"https:\/\/www.latempete.info\/index.php?rest_route=\/wp\/v2\/media\/65496"}],"wp:attachment":[{"href":"https:\/\/www.latempete.info\/index.php?rest_route=%2Fwp%2Fv2%2Fmedia&parent=65495"}],"wp:term":[{"taxonomy":"category","embeddable":true,"href":"https:\/\/www.latempete.info\/index.php?rest_route=%2Fwp%2Fv2%2Fcategories&post=65495"},{"taxonomy":"post_tag","embeddable":true,"href":"https:\/\/www.latempete.info\/index.php?rest_route=%2Fwp%2Fv2%2Ftags&post=65495"}],"curies":[{"name":"wp","href":"https:\/\/api.w.org\/{rel}","templated":true}]}}