{"id":65863,"date":"2024-03-29T11:39:25","date_gmt":"2024-03-29T11:39:25","guid":{"rendered":"http:\/\/www.latempete.info\/?p=65863"},"modified":"2024-03-29T11:39:27","modified_gmt":"2024-03-29T11:39:27","slug":"est-de-la-rdc-nouveaux-combats-pour-le-controle-de-sake","status":"publish","type":"post","link":"https:\/\/www.latempete.info\/?p=65863","title":{"rendered":"Est de la RDC : nouveaux combats pour le contr\u00f4le de Sake"},"content":{"rendered":"\n<p><br>Par DMK<\/p>\n\n\n\n<p>Depuis quelques jours, l&rsquo;Est de la R\u00e9publique d\u00e9mocratique du Congo (RDC) est de nouveau le th\u00e9\u00e2tre de violents combats opposant l&rsquo;Arm\u00e9e nationale (FARDC), aid\u00e9e par des milices locales appel\u00e9es \u00a0\u00bb Wazalendo \u00ab\u00a0, aux rebelles du M23 appuy\u00e9s par l&rsquo;arm\u00e9e rwandaise, autour de Sake, ville situ\u00e9e \u00e0 une vingtaine de kilom\u00e8tres \u00e0 l&rsquo;Ouest de Goma et consid\u00e9r\u00e9e comme un verrou strat\u00e9gique sur la route de Goma, chef-lieu de la province du Nord-Kivu.<\/p>\n\n\n\n<p>Selon diverses sources locales, des tirs sporadiques se font entendre depuis mercredi autour de la ville de Sake, cons\u00e9cutifs \u00e0 une nouvelle offensive lanc\u00e9e par le M23. Des combats qui, \u00e0 en croire ces sources, viennent aggraver la situation s\u00e9curitaire d\u00e9j\u00e0 fortement d\u00e9grad\u00e9e, avec des cons\u00e9quences humanitaires dramatiques sur les conditions de vie des populations locales et de nombreux d\u00e9plac\u00e9s.<\/p>\n\n\n\n<p>Sake, un verrou strat\u00e9gique<\/p>\n\n\n\n<p>La nouvelle offensive lanc\u00e9e autour de Sake par le mouvement rebelle soutenu par le Rwanda t\u00e9moigne de la volont\u00e9 funeste des terroristes du M 23 de vouloir prendre cette ville situ\u00e9e \u00e0 une vingtaine de kilom\u00e8tres de Goma, capitale provinciale du Nord-Kivu.<\/p>\n\n\n\n<p>Sake doit sa position strat\u00e9gique au fait que c&rsquo;est une ville carrefour d&rsquo;o\u00f9 partent trois principaux axes routiers. Notamment vers le Nord, axe qui m\u00e8ne \u00e0 Butembo ; vers l&rsquo;Ouest, axe qui permet de joindre Masisi Centre et Walikale ; et vers le Sud, axe qui m\u00e8ne vers Bukavu, chef-lieu de la province voisine du Sud-Kivu.<\/p>\n\n\n\n<p>Une pr\u00e9sence des terroristes du M 23 sur les deux premiers axes est susceptible de perturber le ravitaillement de la ville de Goma en produits vivriers, tels que les haricots, du manioc, des pommes de terre, du lait. Des produits qui viennent g\u00e9n\u00e9ralement du Nord-Est du territoire de Masisi et qui sont achemin\u00e9s vers Goma par camions, voitures ou motos. <\/p>\n\n\n\n<p>Quant au troisi\u00e8me axe, il est aussi important car, il conduit vers Minova et Bukavu.<br>Comme on le voit, les tentatives du M 23 et des troupes rwandaises de prendre Sak\u00e9 viserait \u00e0 encercler Goma, dans le but d&rsquo;isoler cette ville d&rsquo;environ 2 millions d&rsquo;habitants, et de provoquer une raret\u00e9 de denr\u00e9es alimentaires sur les march\u00e9s de la capitale provinciale o\u00f9 l&rsquo;on signale, depuis quelques semaines, une envol\u00e9e des prix des produits de consommation courante.<\/p>\n","protected":false},"excerpt":{"rendered":"<p>Par DMK Depuis quelques jours, l&rsquo;Est de la R\u00e9publique d\u00e9mocratique du Congo (RDC) est de nouveau le th\u00e9\u00e2tre de violents combats opposant l&rsquo;Arm\u00e9e nationale (FARDC), aid\u00e9e par des milices locales appel\u00e9es \u00a0\u00bb Wazalendo \u00ab\u00a0, aux rebelles du M23 appuy\u00e9s par l&rsquo;arm\u00e9e rwandaise, autour de Sake, ville situ\u00e9e \u00e0 une vingtaine de kilom\u00e8tres \u00e0 l&rsquo;Ouest de [&hellip;]<\/p>\n","protected":false},"author":1,"featured_media":65864,"comment_status":"closed","ping_status":"closed","sticky":false,"template":"","format":"standard","meta":{"footnotes":""},"categories":[136,134,25,10],"tags":[],"class_list":["post-65863","post","type-post","status-publish","format-standard","has-post-thumbnail","hentry","category-a-la-une","category-la-tempete-des-tropiques","category-province","category-societe"],"_links":{"self":[{"href":"https:\/\/www.latempete.info\/index.php?rest_route=\/wp\/v2\/posts\/65863"}],"collection":[{"href":"https:\/\/www.latempete.info\/index.php?rest_route=\/wp\/v2\/posts"}],"about":[{"href":"https:\/\/www.latempete.info\/index.php?rest_route=\/wp\/v2\/types\/post"}],"author":[{"embeddable":true,"href":"https:\/\/www.latempete.info\/index.php?rest_route=\/wp\/v2\/users\/1"}],"replies":[{"embeddable":true,"href":"https:\/\/www.latempete.info\/index.php?rest_route=%2Fwp%2Fv2%2Fcomments&post=65863"}],"version-history":[{"count":1,"href":"https:\/\/www.latempete.info\/index.php?rest_route=\/wp\/v2\/posts\/65863\/revisions"}],"predecessor-version":[{"id":65865,"href":"https:\/\/www.latempete.info\/index.php?rest_route=\/wp\/v2\/posts\/65863\/revisions\/65865"}],"wp:featuredmedia":[{"embeddable":true,"href":"https:\/\/www.latempete.info\/index.php?rest_route=\/wp\/v2\/media\/65864"}],"wp:attachment":[{"href":"https:\/\/www.latempete.info\/index.php?rest_route=%2Fwp%2Fv2%2Fmedia&parent=65863"}],"wp:term":[{"taxonomy":"category","embeddable":true,"href":"https:\/\/www.latempete.info\/index.php?rest_route=%2Fwp%2Fv2%2Fcategories&post=65863"},{"taxonomy":"post_tag","embeddable":true,"href":"https:\/\/www.latempete.info\/index.php?rest_route=%2Fwp%2Fv2%2Ftags&post=65863"}],"curies":[{"name":"wp","href":"https:\/\/api.w.org\/{rel}","templated":true}]}}