{"id":66951,"date":"2024-06-07T15:41:45","date_gmt":"2024-06-07T15:41:45","guid":{"rendered":"http:\/\/www.latempete.info\/?p=66951"},"modified":"2024-06-07T15:41:46","modified_gmt":"2024-06-07T15:41:46","slug":"une-mobutu-postule-aux-regionales-en-belgique","status":"publish","type":"post","link":"https:\/\/www.latempete.info\/?p=66951","title":{"rendered":"Une Mobutu postule aux R\u00e9gionales en Belgique"},"content":{"rendered":"\n<p><br>Par K. Kap<\/p>\n\n\n\n<p>Shaddai Mobutu est align\u00e9e \u00e0 la 55\u00e8me sur la liste du Mouvement des R\u00e9formateurs (MR), en vue de participer aux \u00e9lections r\u00e9gionales en Belgique o\u00f9 elle vit depuis des lustres. Fille de Kongolu Mobutu, qui \u00e9tait plus connu sous le sobriquet de \u00a0\u00bb Saddam Hussein \u00ab\u00a0, et de Genevi\u00e8ve Ducastel, la petite fille du d\u00e9funt Mar\u00e9chal-pr\u00e9sident tient \u00e0 une volont\u00e9 d&rsquo;\u00e9mancipation et est aussi oppos\u00e9e \u00e0 l&rsquo;assistanat dans lequel les pouvoirs publics continuent \u00e0 maintenir les Africains install\u00e9s en Belgique.<\/p>\n\n\n\n<p> Elle s&rsquo;accroche au MR, engag\u00e9 \u00e0 l&rsquo;\u00e9galit\u00e9 des chances pour les hommes, les femmes et les jeunes. Le discours que d\u00e9veloppent les leaders de ce parti politique belge insiste sur l&rsquo;autonomisation des Citoyens, la cr\u00e9ation d&#8217;emploi, la m\u00e9ritocratie.<\/p>\n\n\n\n<p>N\u00e9e le 18 mars 1989 \u00e0 Kinshasa, la jeune Shaddai arrive en Belgique \u00e0 l&rsquo;\u00e2ge de 17 mois. Apr\u00e8s un court retour \u00e0 Kinshasa, o\u00f9 elle a prest\u00e9 \u00e0 Total, elle rentre en Belgique pour des \u00e9tudes en Comptabilit\u00e9, option fiscalit\u00e9. Pour le moment, elle est Freelance, dans l&rsquo;attente des \u00e9lections pour la r\u00e9gion Bruxelles -Capitale, le lundi 10 juin prochain.<\/p>\n","protected":false},"excerpt":{"rendered":"<p>Par K. Kap Shaddai Mobutu est align\u00e9e \u00e0 la 55\u00e8me sur la liste du Mouvement des R\u00e9formateurs (MR), en vue de participer aux \u00e9lections r\u00e9gionales en Belgique o\u00f9 elle vit depuis des lustres. Fille de Kongolu Mobutu, qui \u00e9tait plus connu sous le sobriquet de \u00a0\u00bb Saddam Hussein \u00ab\u00a0, et de Genevi\u00e8ve Ducastel, la petite [&hellip;]<\/p>\n","protected":false},"author":1,"featured_media":66952,"comment_status":"closed","ping_status":"closed","sticky":false,"template":"","format":"standard","meta":{"footnotes":""},"categories":[134,969,10],"tags":[],"class_list":["post-66951","post","type-post","status-publish","format-standard","has-post-thumbnail","hentry","category-la-tempete-des-tropiques","category-page-de-la-femme","category-societe"],"_links":{"self":[{"href":"https:\/\/www.latempete.info\/index.php?rest_route=\/wp\/v2\/posts\/66951"}],"collection":[{"href":"https:\/\/www.latempete.info\/index.php?rest_route=\/wp\/v2\/posts"}],"about":[{"href":"https:\/\/www.latempete.info\/index.php?rest_route=\/wp\/v2\/types\/post"}],"author":[{"embeddable":true,"href":"https:\/\/www.latempete.info\/index.php?rest_route=\/wp\/v2\/users\/1"}],"replies":[{"embeddable":true,"href":"https:\/\/www.latempete.info\/index.php?rest_route=%2Fwp%2Fv2%2Fcomments&post=66951"}],"version-history":[{"count":1,"href":"https:\/\/www.latempete.info\/index.php?rest_route=\/wp\/v2\/posts\/66951\/revisions"}],"predecessor-version":[{"id":66953,"href":"https:\/\/www.latempete.info\/index.php?rest_route=\/wp\/v2\/posts\/66951\/revisions\/66953"}],"wp:featuredmedia":[{"embeddable":true,"href":"https:\/\/www.latempete.info\/index.php?rest_route=\/wp\/v2\/media\/66952"}],"wp:attachment":[{"href":"https:\/\/www.latempete.info\/index.php?rest_route=%2Fwp%2Fv2%2Fmedia&parent=66951"}],"wp:term":[{"taxonomy":"category","embeddable":true,"href":"https:\/\/www.latempete.info\/index.php?rest_route=%2Fwp%2Fv2%2Fcategories&post=66951"},{"taxonomy":"post_tag","embeddable":true,"href":"https:\/\/www.latempete.info\/index.php?rest_route=%2Fwp%2Fv2%2Ftags&post=66951"}],"curies":[{"name":"wp","href":"https:\/\/api.w.org\/{rel}","templated":true}]}}