{"id":67469,"date":"2024-07-10T20:34:00","date_gmt":"2024-07-10T20:34:00","guid":{"rendered":"http:\/\/www.latempete.info\/?p=67469"},"modified":"2024-07-10T20:34:02","modified_gmt":"2024-07-10T20:34:02","slug":"deuxieme-reunion-de-la-task-force-un-appel-a-lexecution-des-mesures-pour-preserver-lintegrite-territoriale","status":"publish","type":"post","link":"https:\/\/www.latempete.info\/?p=67469","title":{"rendered":"Deuxi\u00e8me r\u00e9union de la Task force : un appel \u00e0 l\u2019ex\u00e9cution des mesures pour pr\u00e9server l\u2019int\u00e9grit\u00e9 territoriale"},"content":{"rendered":"\n<p><br>Par Carroll Madiya<\/p>\n\n\n\n<p>Le Pr\u00e9sident de la R\u00e9publique, F\u00e9lix Antoine Tshisekedi Tshilombo a pr\u00e9sid\u00e9, le lundi 09 Juillet, la deuxi\u00e8me r\u00e9union de la Task force du Haut Commandement militaire. Cette r\u00e9union succ\u00e9dait \u00e0 celle du vendredi 5 juillet.<\/p>\n\n\n\n<p>Outre le Haut commandement militaire, cette rencontre a r\u00e9uni le vice-Premier ministre charg\u00e9 de la D\u00e9fense, le ministre des finances, le Directeur de cabinet du Pr\u00e9sident, les responsables des services de s\u00e9curit\u00e9 et certains conseillers du Chef de l\u2019\u00c9tat pour \u00e9valuer la situation militaire et s\u00e9curitaire dans l\u2019Est de la R\u00e9publique D\u00e9mocratique du Congo.<\/p>\n\n\n\n<p>Au cours de cette r\u00e9union, le Commandant supr\u00eame des Forces Arm\u00e9es de la RD Congo (FARDC) et de la Police Nationale Congolaise (RDC) a d\u00e9fini les orientations \u00e0 suivre et a donn\u00e9 l\u2019ordre au Haut commandement militaire d\u2019ex\u00e9cuter les mesures d\u00e9cid\u00e9es pour pr\u00e9server l\u2019int\u00e9grit\u00e9 territoriale de la RDC.<\/p>\n","protected":false},"excerpt":{"rendered":"<p>Par Carroll Madiya Le Pr\u00e9sident de la R\u00e9publique, F\u00e9lix Antoine Tshisekedi Tshilombo a pr\u00e9sid\u00e9, le lundi 09 Juillet, la deuxi\u00e8me r\u00e9union de la Task force du Haut Commandement militaire. Cette r\u00e9union succ\u00e9dait \u00e0 celle du vendredi 5 juillet. Outre le Haut commandement militaire, cette rencontre a r\u00e9uni le vice-Premier ministre charg\u00e9 de la D\u00e9fense, le [&hellip;]<\/p>\n","protected":false},"author":1,"featured_media":67470,"comment_status":"closed","ping_status":"closed","sticky":false,"template":"","format":"standard","meta":{"footnotes":""},"categories":[136,134,25,10],"tags":[],"class_list":["post-67469","post","type-post","status-publish","format-standard","has-post-thumbnail","hentry","category-a-la-une","category-la-tempete-des-tropiques","category-province","category-societe"],"_links":{"self":[{"href":"https:\/\/www.latempete.info\/index.php?rest_route=\/wp\/v2\/posts\/67469"}],"collection":[{"href":"https:\/\/www.latempete.info\/index.php?rest_route=\/wp\/v2\/posts"}],"about":[{"href":"https:\/\/www.latempete.info\/index.php?rest_route=\/wp\/v2\/types\/post"}],"author":[{"embeddable":true,"href":"https:\/\/www.latempete.info\/index.php?rest_route=\/wp\/v2\/users\/1"}],"replies":[{"embeddable":true,"href":"https:\/\/www.latempete.info\/index.php?rest_route=%2Fwp%2Fv2%2Fcomments&post=67469"}],"version-history":[{"count":1,"href":"https:\/\/www.latempete.info\/index.php?rest_route=\/wp\/v2\/posts\/67469\/revisions"}],"predecessor-version":[{"id":67471,"href":"https:\/\/www.latempete.info\/index.php?rest_route=\/wp\/v2\/posts\/67469\/revisions\/67471"}],"wp:featuredmedia":[{"embeddable":true,"href":"https:\/\/www.latempete.info\/index.php?rest_route=\/wp\/v2\/media\/67470"}],"wp:attachment":[{"href":"https:\/\/www.latempete.info\/index.php?rest_route=%2Fwp%2Fv2%2Fmedia&parent=67469"}],"wp:term":[{"taxonomy":"category","embeddable":true,"href":"https:\/\/www.latempete.info\/index.php?rest_route=%2Fwp%2Fv2%2Fcategories&post=67469"},{"taxonomy":"post_tag","embeddable":true,"href":"https:\/\/www.latempete.info\/index.php?rest_route=%2Fwp%2Fv2%2Ftags&post=67469"}],"curies":[{"name":"wp","href":"https:\/\/api.w.org\/{rel}","templated":true}]}}