{"id":67474,"date":"2024-07-10T20:36:20","date_gmt":"2024-07-10T20:36:20","guid":{"rendered":"http:\/\/www.latempete.info\/?p=67474"},"modified":"2024-07-10T20:36:21","modified_gmt":"2024-07-10T20:36:21","slug":"le-4-aout-au-musee-national-de-la-republique-democratique-du-congo-promouvoir-les-jeunes-talents-a-travers-la-fashion-mood-drc","status":"publish","type":"post","link":"https:\/\/www.latempete.info\/?p=67474","title":{"rendered":"Le 4 ao\u00fbt au Mus\u00e9e National de la R\u00e9publique D\u00e9mocratique du Congo : promouvoir les jeunes talents \u00e0 travers la Fashion Mood DRC"},"content":{"rendered":"\n<p><br>Par YHR<\/p>\n\n\n\n<p>Le dimanche 04 ao\u00fbt, le Mus\u00e9e National de la r\u00e9publique D\u00e9mocratique du Congo accueille, de 10h \u00e0 20h, la Fashion Mood DRC, avec pour th\u00e8me cette ann\u00e9e&nbsp;: \u00ab&nbsp;Mille couleurs mille arts&nbsp;\u00bb. Un d\u00e9fil\u00e9 de mode haut en couleur sera organis\u00e9. Et les exposants vont pouvoir, pour l\u2019occasion, montrer la richesse et la diversit\u00e9 de la mode, ainsi que de l\u2019Art congolais. Il s\u2019agira de participer \u00e0 la r\u00e9volution vestimentaire.<\/p>\n\n\n\n<p>Montrer la richesse et la diversit\u00e9 de la mode, ainsi que de l\u2019Art congolais<\/p>\n\n\n\n<p>Il y aura aussi vente et exposition d\u2019\u0153uvres d\u2019arts. Une collecte des fonds sera organis\u00e9e \u00e0 cette occasion en faveur des jeunes vivants dans les zones de conflits arm\u00e9s, pour l\u2019accompagnement des jeunes talents. L\u2019\u00e9v\u00e9nement \u00e9tait initialement pr\u00e9vu pour le 3 ao\u00fbt 2024, \u00e0 l\u2019Echangeur de Limete. Il a \u00e9t\u00e9 report\u00e9 et d\u00e9localis\u00e9 pour des raisons de s\u00e9curit\u00e9.<\/p>\n\n\n\n<p>La RD Congo et particuli\u00e8rement sa capitale, Kinshasa, sont connues pour leur culture populaire, diversit\u00e9 et ainsi que leur ouverture d\u2019esprit dans le domaine de la mode. Cela a donn\u00e9 leur jour au ph\u00e9nom\u00e8ne \u00ab SAPOLOGIE \u00bb, autrement dit la Soci\u00e9t\u00e9 des Ambianceurs et des Personnes El\u00e9gantes (SAPE).<\/p>\n\n\n\n<p>Au pays de la SAPE<\/p>\n\n\n\n<p>Depuis des d\u00e9cennies, la RDC est meurtrie par une guerre injuste particuli\u00e8rement dans sa partie Est, d\u00e9truisant ainsi tout le tissu social et les r\u00eaves des jeunes. La Fashion Mood DRC cherche \u00e0 apporter du r\u00eave dans le quotidien des jeunes populations.<\/p>\n","protected":false},"excerpt":{"rendered":"<p>Par YHR Le dimanche 04 ao\u00fbt, le Mus\u00e9e National de la r\u00e9publique D\u00e9mocratique du Congo accueille, de 10h \u00e0 20h, la Fashion Mood DRC, avec pour th\u00e8me cette ann\u00e9e&nbsp;: \u00ab&nbsp;Mille couleurs mille arts&nbsp;\u00bb. Un d\u00e9fil\u00e9 de mode haut en couleur sera organis\u00e9. Et les exposants vont pouvoir, pour l\u2019occasion, montrer la richesse et la diversit\u00e9 [&hellip;]<\/p>\n","protected":false},"author":1,"featured_media":0,"comment_status":"closed","ping_status":"closed","sticky":false,"template":"","format":"standard","meta":{"footnotes":""},"categories":[28,8,127,125,134],"tags":[],"class_list":["post-67474","post","type-post","status-publish","format-standard","hentry","category-coutumes","category-culture-media","category-evenements","category-expo","category-la-tempete-des-tropiques"],"_links":{"self":[{"href":"https:\/\/www.latempete.info\/index.php?rest_route=\/wp\/v2\/posts\/67474"}],"collection":[{"href":"https:\/\/www.latempete.info\/index.php?rest_route=\/wp\/v2\/posts"}],"about":[{"href":"https:\/\/www.latempete.info\/index.php?rest_route=\/wp\/v2\/types\/post"}],"author":[{"embeddable":true,"href":"https:\/\/www.latempete.info\/index.php?rest_route=\/wp\/v2\/users\/1"}],"replies":[{"embeddable":true,"href":"https:\/\/www.latempete.info\/index.php?rest_route=%2Fwp%2Fv2%2Fcomments&post=67474"}],"version-history":[{"count":1,"href":"https:\/\/www.latempete.info\/index.php?rest_route=\/wp\/v2\/posts\/67474\/revisions"}],"predecessor-version":[{"id":67475,"href":"https:\/\/www.latempete.info\/index.php?rest_route=\/wp\/v2\/posts\/67474\/revisions\/67475"}],"wp:attachment":[{"href":"https:\/\/www.latempete.info\/index.php?rest_route=%2Fwp%2Fv2%2Fmedia&parent=67474"}],"wp:term":[{"taxonomy":"category","embeddable":true,"href":"https:\/\/www.latempete.info\/index.php?rest_route=%2Fwp%2Fv2%2Fcategories&post=67474"},{"taxonomy":"post_tag","embeddable":true,"href":"https:\/\/www.latempete.info\/index.php?rest_route=%2Fwp%2Fv2%2Ftags&post=67474"}],"curies":[{"name":"wp","href":"https:\/\/api.w.org\/{rel}","templated":true}]}}