{"id":68214,"date":"2024-09-10T18:55:44","date_gmt":"2024-09-10T18:55:44","guid":{"rendered":"https:\/\/www.latempete.info\/?p=68214"},"modified":"2024-09-10T18:55:45","modified_gmt":"2024-09-10T18:55:45","slug":"impact-des-conflits-sur-leducation-la-rdc-figure-parmi-les-pays-touches","status":"publish","type":"post","link":"https:\/\/www.latempete.info\/?p=68214","title":{"rendered":"Impact des conflits sur l&rsquo;\u00e9ducation : la RDC figure parmi les pays touch\u00e9s"},"content":{"rendered":"\n<p>Par TSM<\/p>\n\n\n\n<p>\u00c0 l&rsquo;occasion de la Journ\u00e9e internationale pour la protection de l&rsquo;\u00e9ducation contre les attaques c\u00e9l\u00e9br\u00e9e le 9 septembre de chaque ann\u00e9e, l&rsquo;Organisation des Nations-Unies pour l&rsquo;Education, la Science et la Culture (UNESCO) a exprim\u00e9 son inqui\u00e9tude quant \u00e0 l&rsquo;impact croissant des conflits sur l&rsquo;\u00e9ducation.<\/p>\n\n\n\n<p><br>En 2022-2023, plus de 6.000 attaques contre l&rsquo;\u00e9ducation ont \u00e9t\u00e9 recens\u00e9es dans le monde, soit une augmentation de 20 % par rapport aux deux ann\u00e9es pr\u00e9c\u00e9dentes, a indiqu\u00e9 une \u00e9tude de la Coalition mondiale pour la protection de l&rsquo;\u00e9ducation contre les attaques (dont l&rsquo;UNESCO est membre).<\/p>\n\n\n\n<p>L&rsquo;UNESCO qui a tir\u00e9 la sonnette d&rsquo;alarme face \u00e0 la recrudescence mondiale de ces attaques, a fait savoir que ces 6.000 attaques repr\u00e9sentent une moyenne de 8 attaques par jour et plus de 10.000 \u00e9l\u00e8ves et \u00e9ducateurs auraient \u00e9t\u00e9 victimes.<\/p>\n\n\n\n<p>La source a fait \u00e9tat de 1.000 cas d&rsquo;utilisation militaire d&rsquo;\u00e9tablissements scolaires.<\/p>\n\n\n\n<p>Selon cette \u00e9tude, les attaques contre l&rsquo;\u00e9ducation touchent toutes les r\u00e9gions du monde, mais elles sont beaucoup plus fr\u00e9quentes dans les pays actuellement en proie \u00e0 des conflits arm\u00e9s. Il s&rsquo;agit, au premier rang, de Myanmar, de Moyen-Orient et Gaza en particulier, de la R\u00e9publique d\u00e9mocratique du Congo, du Soudan, de l&rsquo;Ukraine et de Y\u00e9men.<br>Face \u00e0 cette situation, l&rsquo;UNESCO s&rsquo;efforce d&rsquo;apporter un soutien psychosocial aux \u00e9l\u00e8ves et aux enseignants confront\u00e9s \u00e0 des ph\u00e9nom\u00e8nes violents, notamment en Palestine, au Soudan et en Ukraine.<\/p>\n\n\n\n<p>Pour assurer la continuit\u00e9 de l&rsquo;apprentissage lorsqu&rsquo;une \u00e9cole est ferm\u00e9e pour des raisons de s\u00e9curit\u00e9, l&rsquo;agence onusienne propose \u00e9galement des solutions \u00e9ducatives alternatives telles que l&rsquo;enseignement \u00e0 distance, en formant les enseignants \u00e0 la p\u00e9dagogie num\u00e9rique et en facilitant la production et la diffusion de contenus \u00e9ducatifs par le biais des m\u00e9dias.<\/p>\n\n\n\n<p>En tant qu&rsquo;agence des Nations-Unies responsable de l&rsquo;\u00e9ducation, l&rsquo;UNESCO rappelle \u00e0 toutes les parties impliqu\u00e9es dans ces conflits qu&rsquo;elles doivent se conformer \u00e0 la R\u00e9solution 2601 du Conseil de S\u00e9curit\u00e9 des Nations-Unies, appelant tous les \u00c9tats \u00e0 mettre en \u0153uvre les recommandations de la D\u00e9claration sur la s\u00e9curit\u00e9 dans les \u00e9coles visant \u00e0 pr\u00e9venir de telles attaques.<\/p>\n\n\n\n<p>Des enfants r\u00e9fugi\u00e9s priv\u00e9s d&rsquo;acc\u00e8s \u00e0 l&rsquo;\u00e9ducation<\/p>\n\n\n\n<p>Par ailleurs, le Haut Commissariat pour les R\u00e9fugi\u00e9s (HCR) a indiqu\u00e9 que pr\u00e8s de la moiti\u00e9 des 14,8 millions d&rsquo;enfants r\u00e9fugi\u00e9s en \u00e2ge d&rsquo;\u00eatre scolaris\u00e9s dans le monde ne vont toujours pas \u00e0 l&rsquo;\u00e9cole, m\u00eame si des progr\u00e8s \u00a0\u00bb remarquables \u00a0\u00bb ont \u00e9t\u00e9 r\u00e9alis\u00e9s en mati\u00e8re d&rsquo;\u00e9ducation et de scolarisation des r\u00e9fugi\u00e9s dans le monde.<\/p>\n\n\n\n<p>Les donn\u00e9es de 65 pays d&rsquo;accueil de r\u00e9fugi\u00e9s analys\u00e9es dans le rapport montrent qu&rsquo;environ 7,2 millions d&rsquo;enfants r\u00e9fugi\u00e9s n&rsquo;ont pas acc\u00e8s \u00e0 l&rsquo;\u00e9ducation en raison d&rsquo;une multitude de facteurs, notamment l&rsquo;ins\u00e9curit\u00e9, l&rsquo;absence de politiques d&rsquo;\u00e9ducation inclusive, les contraintes de capacit\u00e9 et les barri\u00e8res linguistiques, ce qui met en p\u00e9ril la prosp\u00e9rit\u00e9 future des jeunes et les prive de la possibilit\u00e9 de r\u00e9aliser leur potentiel.<\/p>\n\n\n\n<p>Cinq ans apr\u00e8s le lancement de la Strat\u00e9gie 2030 du Haut-Commissariat de l&rsquo;ONU pour les r\u00e9fugi\u00e9s (HCR) pour l&rsquo;\u00e9ducation des r\u00e9fugi\u00e9s, le rapport de cette ann\u00e9e r\u00e9v\u00e8le que les taux bruts moyens de scolarisation des r\u00e9fugi\u00e9s pour l&rsquo;ann\u00e9e scolaire 2022-23 s&rsquo;\u00e9levaient \u00e0 37 % pour le pr\u00e9-primaire, \u00e0 65 % pour le primaire et \u00e0 42 % pour le secondaire, ce qui est encourageant.<\/p>\n","protected":false},"excerpt":{"rendered":"<p>Par TSM \u00c0 l&rsquo;occasion de la Journ\u00e9e internationale pour la protection de l&rsquo;\u00e9ducation contre les attaques c\u00e9l\u00e9br\u00e9e le 9 septembre de chaque ann\u00e9e, l&rsquo;Organisation des Nations-Unies pour l&rsquo;Education, la Science et la Culture (UNESCO) a exprim\u00e9 son inqui\u00e9tude quant \u00e0 l&rsquo;impact croissant des conflits sur l&rsquo;\u00e9ducation. En 2022-2023, plus de 6.000 attaques contre l&rsquo;\u00e9ducation ont [&hellip;]<\/p>\n","protected":false},"author":1,"featured_media":0,"comment_status":"closed","ping_status":"closed","sticky":false,"template":"","format":"standard","meta":{"footnotes":""},"categories":[42,134,10],"tags":[],"class_list":["post-68214","post","type-post","status-publish","format-standard","hentry","category-education","category-la-tempete-des-tropiques","category-societe"],"_links":{"self":[{"href":"https:\/\/www.latempete.info\/index.php?rest_route=\/wp\/v2\/posts\/68214"}],"collection":[{"href":"https:\/\/www.latempete.info\/index.php?rest_route=\/wp\/v2\/posts"}],"about":[{"href":"https:\/\/www.latempete.info\/index.php?rest_route=\/wp\/v2\/types\/post"}],"author":[{"embeddable":true,"href":"https:\/\/www.latempete.info\/index.php?rest_route=\/wp\/v2\/users\/1"}],"replies":[{"embeddable":true,"href":"https:\/\/www.latempete.info\/index.php?rest_route=%2Fwp%2Fv2%2Fcomments&post=68214"}],"version-history":[{"count":1,"href":"https:\/\/www.latempete.info\/index.php?rest_route=\/wp\/v2\/posts\/68214\/revisions"}],"predecessor-version":[{"id":68215,"href":"https:\/\/www.latempete.info\/index.php?rest_route=\/wp\/v2\/posts\/68214\/revisions\/68215"}],"wp:attachment":[{"href":"https:\/\/www.latempete.info\/index.php?rest_route=%2Fwp%2Fv2%2Fmedia&parent=68214"}],"wp:term":[{"taxonomy":"category","embeddable":true,"href":"https:\/\/www.latempete.info\/index.php?rest_route=%2Fwp%2Fv2%2Fcategories&post=68214"},{"taxonomy":"post_tag","embeddable":true,"href":"https:\/\/www.latempete.info\/index.php?rest_route=%2Fwp%2Fv2%2Ftags&post=68214"}],"curies":[{"name":"wp","href":"https:\/\/api.w.org\/{rel}","templated":true}]}}