{"id":68216,"date":"2024-09-10T18:58:07","date_gmt":"2024-09-10T18:58:07","guid":{"rendered":"https:\/\/www.latempete.info\/?p=68216"},"modified":"2024-09-10T18:58:08","modified_gmt":"2024-09-10T18:58:08","slug":"passation-des-marches-publics-au-kasai-central-la-nscc-appelle-le-gouvernement-provincial-au-respect-de-la-procedure","status":"publish","type":"post","link":"https:\/\/www.latempete.info\/?p=68216","title":{"rendered":"Passation des march\u00e9s publics au Kasa\u00ef Central : la NSCC appelle le Gouvernement provincial au respect de la proc\u00e9dure"},"content":{"rendered":"\n<p>Par Thony Kambila<\/p>\n\n\n\n<p>Suite \u00e0 plusieurs irr\u00e9gularit\u00e9s observ\u00e9es dans la passation des march\u00e9s publics dans plusieurs projets de d\u00e9veloppement du Kasa\u00ef-Central, la coordination de la Nouvelle soci\u00e9t\u00e9 civile congolaise (NSCC) exhorte le Gouvernement provincial au respect de la proc\u00e9dure dans ce domaine. Dans un communiqu\u00e9 rendu public samedi dernier, cette structure r\u00e9v\u00e8le que la passation des march\u00e9s se fait curieusement de gr\u00e9 \u00e0 gr\u00e9 au niveau de cette province . Ce qui ne favorise pas le d\u00e9veloppement de tous les 5 territoires de ladite province.<\/p>\n\n\n\n<p>\u00c0 cela s&rsquo;ajoutent l&rsquo;absence ou la non-vulgarisation du plan de passation des march\u00e9s publics aupr\u00e8s de diff\u00e9rentes parties prenantes ainsi que la non-publication des offres. La Nouvelle soci\u00e9t\u00e9 civile congolaise ajoute \u00e9galement l&rsquo;inexistence des cellules de gestion des projets et march\u00e9s publics tant au niveau du cabinet du gouverneur qu&rsquo;aux diff\u00e9rents minist\u00e8res.<\/p>\n\n\n\n<p>Face \u00e0 cette situation, la NSCC recommande au Gouvernement provincial de respecter la proc\u00e9dure de passation des march\u00e9s publics ; d&rsquo;installer les cellules de passation des march\u00e9s dans tous les 10 minist\u00e8res, les ETD ainsi que dans certains services publics ; et de redynamiser l&rsquo;\u00e9quipe de la direction provinciale du contr\u00f4le des march\u00e9s publics et de la cellule de gestion des projets et des march\u00e9s publics en y affectant des personnes comp\u00e9tentes parmi les fonctionnaires de l&rsquo;Etat pour leur bon fonctionnement, conform\u00e9ment \u00e0 la loi.<\/p>\n\n\n\n<p>Cette structure recommande aussi la mise en place des garde-fous en vue de lutter contre les conflits d&rsquo;int\u00e9r\u00eats et les r\u00e9tro-commissions ou trafics d&rsquo;influence et vulgariser le plan de passation des march\u00e9s publics aupr\u00e8s de la population et les autres parties prenantes dans le but de favoriser son approbation.<\/p>\n\n\n\n<p>La NSCC s&rsquo;engage, par la m\u00eame occasion, \u00e0 sensibiliser l&rsquo;opinion publique sur la proc\u00e9dure de passation des march\u00e9s publics et \u00e0 veiller au respect des textes et lois en vue de l&rsquo;installation effective et du fonctionnement harmonieux des cellules et de la direction.<\/p>\n","protected":false},"excerpt":{"rendered":"<p>Par Thony Kambila Suite \u00e0 plusieurs irr\u00e9gularit\u00e9s observ\u00e9es dans la passation des march\u00e9s publics dans plusieurs projets de d\u00e9veloppement du Kasa\u00ef-Central, la coordination de la Nouvelle soci\u00e9t\u00e9 civile congolaise (NSCC) exhorte le Gouvernement provincial au respect de la proc\u00e9dure dans ce domaine. Dans un communiqu\u00e9 rendu public samedi dernier, cette structure r\u00e9v\u00e8le que la passation [&hellip;]<\/p>\n","protected":false},"author":1,"featured_media":0,"comment_status":"closed","ping_status":"closed","sticky":false,"template":"","format":"standard","meta":{"footnotes":""},"categories":[136,7,134,40],"tags":[],"class_list":["post-68216","post","type-post","status-publish","format-standard","hentry","category-a-la-une","category-economie","category-la-tempete-des-tropiques","category-marche"],"_links":{"self":[{"href":"https:\/\/www.latempete.info\/index.php?rest_route=\/wp\/v2\/posts\/68216"}],"collection":[{"href":"https:\/\/www.latempete.info\/index.php?rest_route=\/wp\/v2\/posts"}],"about":[{"href":"https:\/\/www.latempete.info\/index.php?rest_route=\/wp\/v2\/types\/post"}],"author":[{"embeddable":true,"href":"https:\/\/www.latempete.info\/index.php?rest_route=\/wp\/v2\/users\/1"}],"replies":[{"embeddable":true,"href":"https:\/\/www.latempete.info\/index.php?rest_route=%2Fwp%2Fv2%2Fcomments&post=68216"}],"version-history":[{"count":1,"href":"https:\/\/www.latempete.info\/index.php?rest_route=\/wp\/v2\/posts\/68216\/revisions"}],"predecessor-version":[{"id":68217,"href":"https:\/\/www.latempete.info\/index.php?rest_route=\/wp\/v2\/posts\/68216\/revisions\/68217"}],"wp:attachment":[{"href":"https:\/\/www.latempete.info\/index.php?rest_route=%2Fwp%2Fv2%2Fmedia&parent=68216"}],"wp:term":[{"taxonomy":"category","embeddable":true,"href":"https:\/\/www.latempete.info\/index.php?rest_route=%2Fwp%2Fv2%2Fcategories&post=68216"},{"taxonomy":"post_tag","embeddable":true,"href":"https:\/\/www.latempete.info\/index.php?rest_route=%2Fwp%2Fv2%2Ftags&post=68216"}],"curies":[{"name":"wp","href":"https:\/\/api.w.org\/{rel}","templated":true}]}}