{"id":68648,"date":"2024-10-09T19:47:34","date_gmt":"2024-10-09T19:47:34","guid":{"rendered":"https:\/\/www.latempete.info\/?p=68648"},"modified":"2024-10-09T19:47:35","modified_gmt":"2024-10-09T19:47:35","slug":"chef-doeuvre-du-senegalais-ousmane-sembene-le-film-la-noire-de-ressort-en-salle","status":"publish","type":"post","link":"https:\/\/www.latempete.info\/?p=68648","title":{"rendered":"Chef-d\u2019\u0153uvre du S\u00e9n\u00e9galais Ousmane Semb\u00e8ne : le film \u00ab\u00a0La Noire de\u2026\u00bb ressort en salle"},"content":{"rendered":"\n<p>Par YHR<\/p>\n\n\n\n<p>Le film \u00ab&nbsp;La Noire de\u2026&nbsp;\u00bb, du S\u00e9n\u00e9galais Ousmane Semb\u00e8ne, ressort en salle. En 65 minutes, l\u2019opus raconte l\u2019histoire de Diouana (Mbissine Th\u00e9r\u00e8se Diop), une jeune femme s\u00e9n\u00e9galaise vivant dans un village pauvre situ\u00e9 non loin de Dakar, au S\u00e9n\u00e9gal, dans les ann\u00e9es 60. L\u2019h\u00e9ro\u00efne se rend \u00e0 la ville ou elle rencontre un homme qui lui indique une place o\u00f9 elle pourrait peut-\u00eatre trouver ce qu\u2019elle recherche. Apr\u00e8s de longs jours pass\u00e9s \u00e0 attendre sous la chaleur \u00e9crasante avec d\u2019autres femmes, \u00ab&nbsp;Madame&nbsp;\u00bb (Anne-Marie Jelinek) vient la trouver et lui propose de travailler pour elle et son mari (Robert Fontaine) en s\u2019occupant de leurs enfants.<\/p>\n\n\n\n<p>D\u00e9pression<\/p>\n\n\n\n<p>Plus tard, elle accepte de suivre ses employeurs \u00e0 Antibes, en France. Elle esp\u00e8re d\u00e9couvrir le pays, mais tr\u00e8s vite elle comprend que sa patronne ne l\u2019a fait venir que pour servir de bonne \u00e0 tout faire, sans aucun r\u00e9pit. Sans cesse critiqu\u00e9e, elle est m\u00eame utilis\u00e9e comme une attraction exotique lors d\u2019un diner avec des amis de ses patrons. Diouana est de plus en plus d\u00e9shumanis\u00e9e et sa tristesse grandissante est interpr\u00e9t\u00e9e comme de la fain\u00e9antise. Sans aucun contact avec sa famille et ne trouvant plus aucun espoir dans sa situation, elle sombre dans la d\u00e9pression.<\/p>\n\n\n\n<p>Prim\u00e9 par la critique<\/p>\n\n\n\n<p>Le film en noir et blanc est sorti en 1966, adapt\u00e9 d\u2019une nouvelle sign\u00e9e Ousmane Semb\u00e8ne. S\u00e9lectionn\u00e9 \u00e0 la 5\u00e8me Semaine de la Critique, durant le 19\u00e8me Festival de Cannes, il re\u00e7oit la m\u00eame ann\u00e9e le Prix Jean-Vigo, ainsi que le Tanit d\u2019or, aux premi\u00e8res Journ\u00e9es cin\u00e9matographiques de Carthage.<\/p>\n","protected":false},"excerpt":{"rendered":"<p>Par YHR Le film \u00ab&nbsp;La Noire de\u2026&nbsp;\u00bb, du S\u00e9n\u00e9galais Ousmane Semb\u00e8ne, ressort en salle. En 65 minutes, l\u2019opus raconte l\u2019histoire de Diouana (Mbissine Th\u00e9r\u00e8se Diop), une jeune femme s\u00e9n\u00e9galaise vivant dans un village pauvre situ\u00e9 non loin de Dakar, au S\u00e9n\u00e9gal, dans les ann\u00e9es 60. L\u2019h\u00e9ro\u00efne se rend \u00e0 la ville ou elle rencontre un [&hellip;]<\/p>\n","protected":false},"author":1,"featured_media":0,"comment_status":"closed","ping_status":"closed","sticky":false,"template":"","format":"standard","meta":{"footnotes":""},"categories":[126,8,134],"tags":[],"class_list":["post-68648","post","type-post","status-publish","format-standard","hentry","category-cinema","category-culture-media","category-la-tempete-des-tropiques"],"_links":{"self":[{"href":"https:\/\/www.latempete.info\/index.php?rest_route=\/wp\/v2\/posts\/68648"}],"collection":[{"href":"https:\/\/www.latempete.info\/index.php?rest_route=\/wp\/v2\/posts"}],"about":[{"href":"https:\/\/www.latempete.info\/index.php?rest_route=\/wp\/v2\/types\/post"}],"author":[{"embeddable":true,"href":"https:\/\/www.latempete.info\/index.php?rest_route=\/wp\/v2\/users\/1"}],"replies":[{"embeddable":true,"href":"https:\/\/www.latempete.info\/index.php?rest_route=%2Fwp%2Fv2%2Fcomments&post=68648"}],"version-history":[{"count":1,"href":"https:\/\/www.latempete.info\/index.php?rest_route=\/wp\/v2\/posts\/68648\/revisions"}],"predecessor-version":[{"id":68649,"href":"https:\/\/www.latempete.info\/index.php?rest_route=\/wp\/v2\/posts\/68648\/revisions\/68649"}],"wp:attachment":[{"href":"https:\/\/www.latempete.info\/index.php?rest_route=%2Fwp%2Fv2%2Fmedia&parent=68648"}],"wp:term":[{"taxonomy":"category","embeddable":true,"href":"https:\/\/www.latempete.info\/index.php?rest_route=%2Fwp%2Fv2%2Fcategories&post=68648"},{"taxonomy":"post_tag","embeddable":true,"href":"https:\/\/www.latempete.info\/index.php?rest_route=%2Fwp%2Fv2%2Ftags&post=68648"}],"curies":[{"name":"wp","href":"https:\/\/api.w.org\/{rel}","templated":true}]}}