{"id":69152,"date":"2024-11-12T12:35:03","date_gmt":"2024-11-12T12:35:03","guid":{"rendered":"https:\/\/www.latempete.info\/?p=69152"},"modified":"2024-11-12T12:35:05","modified_gmt":"2024-11-12T12:35:05","slug":"cop-29-judith-suminwa-pour-rappeler-le-role-de-la-rdc-sur-le-climat","status":"publish","type":"post","link":"https:\/\/www.latempete.info\/?p=69152","title":{"rendered":"COP 29 : Judith Suminwa pour rappeler le r\u00f4le de la RDC sur le climat"},"content":{"rendered":"\n<p>Par Tantia Sakata<\/p>\n\n\n\n<p>La Premi\u00e8re Ministre, Judith Suminwa Tuluka, est arriv\u00e9e, le lundi 11 novembre \u00e0 Bakou, capitale de l\u2019Azerba\u00efdjan, pour participer \u00e0 la 29\u00e8me Conf\u00e9rence annuelle des Nations Unies sur les changements climatiques (COP 29). Repr\u00e9sentant le Chef de l\u2019Etat, elle va porter la voix de la R\u00e9publique D\u00e9mocratique du Congo \u00e0 cet \u00e9v\u00e9nement mondial qui vise \u00e0 \u00ab stimuler l\u2019action internationale pour limiter le changement climatique, et \u00e0 engager la transition \u00e9nerg\u00e9tique \u00bb, selon un communiqu\u00e9 des Nations Unies. <\/p>\n\n\n\n<p>Selon une d\u00e9p\u00eache de la Cellule de Communication de la Primature, Mme Suminwa devra \u00e9changer avec plusieurs dignitaires mondiaux, notamment le Secr\u00e9taire g\u00e9n\u00e9ral de l\u2019Organisation des Nations Unies, Ant\u00f3nio Guterres. Avec son immense potentiel en r\u00e9serves d\u2019eau douce, ses massifs de for\u00eats tropicales humides et ses tourbi\u00e8res, la RDC demeure le 2\u00e8me poumon climatique du monde.<\/p>\n\n\n\n<p>C\u2019est \u00e9galement l\u2019un des pays-solution concernant la pr\u00e9servation du climat, notamment gr\u00e2ce \u00e0 ses r\u00e9serves des min\u00e9raux strat\u00e9giques n\u00e9cessaires \u00e0 cette transition \u00e9nerg\u00e9tique. Le Sommet de Bakou sera pench\u00e9 sur des enjeux cruciaux sur l\u2019avenir de la plan\u00e8te Terre. Il s\u2019agira \u00e9galement de la mise \u00e0 jour les engagements nationaux relatifs \u00e0 la r\u00e9duction des \u00e9missions de gaz \u00e0 effet de serre, de d\u00e9finir un objectif mondial de financement pour lutter contre le r\u00e9chauffement climatique, de mettre en \u0153uvre le Fonds pour les pertes et dommages afin de soutenir les communaut\u00e9s vuln\u00e9rables, ainsi que de renforcer la coop\u00e9ration internationale en mati\u00e8re de march\u00e9 de carbone. <\/p>\n\n\n\n<p>A sa descente d\u2019avion, la Premi\u00e8re Ministre Suminwa a \u00e9t\u00e9 accueillie par le Ministre de la Jeunesse et des Sports de la R\u00e9publique d\u2019Azerba\u00efdjan, Farid Gayibov, la Ministre de l\u2019Environnement de la RDC, Eve Baza\u00efba Masudi, et de l\u2019Ambassadeur extraordinaire et pl\u00e9nipotentiaire de la R\u00e9publique D\u00e9mocratique du Congo pr\u00e8s la F\u00e9d\u00e9ration de Russie, l\u2019Azerba\u00efdjan et la G\u00e9orgie, Ivan\u00a0Vangu\u00a0Ngimbi<\/p>\n","protected":false},"excerpt":{"rendered":"<p>Par Tantia Sakata La Premi\u00e8re Ministre, Judith Suminwa Tuluka, est arriv\u00e9e, le lundi 11 novembre \u00e0 Bakou, capitale de l\u2019Azerba\u00efdjan, pour participer \u00e0 la 29\u00e8me Conf\u00e9rence annuelle des Nations Unies sur les changements climatiques (COP 29). Repr\u00e9sentant le Chef de l\u2019Etat, elle va porter la voix de la R\u00e9publique D\u00e9mocratique du Congo \u00e0 cet \u00e9v\u00e9nement [&hellip;]<\/p>\n","protected":false},"author":1,"featured_media":69153,"comment_status":"closed","ping_status":"closed","sticky":false,"template":"","format":"standard","meta":{"footnotes":""},"categories":[136,37,134,10],"tags":[],"class_list":["post-69152","post","type-post","status-publish","format-standard","has-post-thumbnail","hentry","category-a-la-une","category-environnement","category-la-tempete-des-tropiques","category-societe"],"_links":{"self":[{"href":"https:\/\/www.latempete.info\/index.php?rest_route=\/wp\/v2\/posts\/69152"}],"collection":[{"href":"https:\/\/www.latempete.info\/index.php?rest_route=\/wp\/v2\/posts"}],"about":[{"href":"https:\/\/www.latempete.info\/index.php?rest_route=\/wp\/v2\/types\/post"}],"author":[{"embeddable":true,"href":"https:\/\/www.latempete.info\/index.php?rest_route=\/wp\/v2\/users\/1"}],"replies":[{"embeddable":true,"href":"https:\/\/www.latempete.info\/index.php?rest_route=%2Fwp%2Fv2%2Fcomments&post=69152"}],"version-history":[{"count":1,"href":"https:\/\/www.latempete.info\/index.php?rest_route=\/wp\/v2\/posts\/69152\/revisions"}],"predecessor-version":[{"id":69154,"href":"https:\/\/www.latempete.info\/index.php?rest_route=\/wp\/v2\/posts\/69152\/revisions\/69154"}],"wp:featuredmedia":[{"embeddable":true,"href":"https:\/\/www.latempete.info\/index.php?rest_route=\/wp\/v2\/media\/69153"}],"wp:attachment":[{"href":"https:\/\/www.latempete.info\/index.php?rest_route=%2Fwp%2Fv2%2Fmedia&parent=69152"}],"wp:term":[{"taxonomy":"category","embeddable":true,"href":"https:\/\/www.latempete.info\/index.php?rest_route=%2Fwp%2Fv2%2Fcategories&post=69152"},{"taxonomy":"post_tag","embeddable":true,"href":"https:\/\/www.latempete.info\/index.php?rest_route=%2Fwp%2Fv2%2Ftags&post=69152"}],"curies":[{"name":"wp","href":"https:\/\/api.w.org\/{rel}","templated":true}]}}