{"id":69389,"date":"2024-11-22T11:45:23","date_gmt":"2024-11-22T11:45:23","guid":{"rendered":"https:\/\/www.latempete.info\/?p=69389"},"modified":"2024-11-22T11:45:24","modified_gmt":"2024-11-22T11:45:24","slug":"collision-entre-deux-avions-a-kinshasa-le-silence-de-lautorite-aeroportuaire-inquiete","status":"publish","type":"post","link":"https:\/\/www.latempete.info\/?p=69389","title":{"rendered":"Collision entre deux avions \u00e0 Kinshasa\u00a0:le silence de l\u2019autorit\u00e9 a\u00e9roportuaire inqui\u00e8te"},"content":{"rendered":"\n<p>Par Marcel Tshishiku<\/p>\n\n\n\n<p>Selon une source g\u00e9n\u00e9ralement bien inform\u00e9e, le Boeing B737-8GJ, immatricul\u00e9 LY-BBN, second avion lou\u00e9 par Congo Airways, et un Airbus A320-200 de la Compagnie Africaine d\u2019Aviation (CAA) sont entr\u00e9s en collision \u00e0 l\u2019a\u00e9roport international de N\u2019djili, \u00e0 Kinshasa, le mercredi 20 novembre.<\/p>\n\n\n\n<p>Des t\u00e9moins oculaires de la sc\u00e8ne expliquent que la collision a eu lieu sur le tablier de l\u2019a\u00e9roport, entra\u00eenant des dommages significatifs \u00e0 l\u2019aile gauche de l\u2019avion de la CAA, ainsi qu\u2019\u00e0 son ascenseur droit.<\/p>\n\n\n\n<p>Cet incident a suscit\u00e9 des pr\u00e9occupations li\u00e9es \u00e0 la s\u00e9curit\u00e9 a\u00e9rienne \u00e0 l\u2019a\u00e9roport international de N\u2019Djili. Jusqu\u2019\u00e0 ce jour, aucune communication de l\u2019autorit\u00e9 a\u00e9roportuaire n\u2019a \u00e9t\u00e9 faite pour donner plus de pr\u00e9cisions sur cet accident qui a perturb\u00e9 le plan de vol des deux compagnies a\u00e9riennes.<\/p>\n","protected":false},"excerpt":{"rendered":"<p>Par Marcel Tshishiku Selon une source g\u00e9n\u00e9ralement bien inform\u00e9e, le Boeing B737-8GJ, immatricul\u00e9 LY-BBN, second avion lou\u00e9 par Congo Airways, et un Airbus A320-200 de la Compagnie Africaine d\u2019Aviation (CAA) sont entr\u00e9s en collision \u00e0 l\u2019a\u00e9roport international de N\u2019djili, \u00e0 Kinshasa, le mercredi 20 novembre. Des t\u00e9moins oculaires de la sc\u00e8ne expliquent que la collision [&hellip;]<\/p>\n","protected":false},"author":1,"featured_media":69390,"comment_status":"closed","ping_status":"closed","sticky":false,"template":"","format":"standard","meta":{"footnotes":""},"categories":[136,134,10,123],"tags":[],"class_list":["post-69389","post","type-post","status-publish","format-standard","has-post-thumbnail","hentry","category-a-la-une","category-la-tempete-des-tropiques","category-societe","category-transport"],"_links":{"self":[{"href":"https:\/\/www.latempete.info\/index.php?rest_route=\/wp\/v2\/posts\/69389"}],"collection":[{"href":"https:\/\/www.latempete.info\/index.php?rest_route=\/wp\/v2\/posts"}],"about":[{"href":"https:\/\/www.latempete.info\/index.php?rest_route=\/wp\/v2\/types\/post"}],"author":[{"embeddable":true,"href":"https:\/\/www.latempete.info\/index.php?rest_route=\/wp\/v2\/users\/1"}],"replies":[{"embeddable":true,"href":"https:\/\/www.latempete.info\/index.php?rest_route=%2Fwp%2Fv2%2Fcomments&post=69389"}],"version-history":[{"count":1,"href":"https:\/\/www.latempete.info\/index.php?rest_route=\/wp\/v2\/posts\/69389\/revisions"}],"predecessor-version":[{"id":69391,"href":"https:\/\/www.latempete.info\/index.php?rest_route=\/wp\/v2\/posts\/69389\/revisions\/69391"}],"wp:featuredmedia":[{"embeddable":true,"href":"https:\/\/www.latempete.info\/index.php?rest_route=\/wp\/v2\/media\/69390"}],"wp:attachment":[{"href":"https:\/\/www.latempete.info\/index.php?rest_route=%2Fwp%2Fv2%2Fmedia&parent=69389"}],"wp:term":[{"taxonomy":"category","embeddable":true,"href":"https:\/\/www.latempete.info\/index.php?rest_route=%2Fwp%2Fv2%2Fcategories&post=69389"},{"taxonomy":"post_tag","embeddable":true,"href":"https:\/\/www.latempete.info\/index.php?rest_route=%2Fwp%2Fv2%2Ftags&post=69389"}],"curies":[{"name":"wp","href":"https:\/\/api.w.org\/{rel}","templated":true}]}}