{"id":69614,"date":"2024-12-04T21:14:57","date_gmt":"2024-12-04T21:14:57","guid":{"rendered":"https:\/\/www.latempete.info\/?p=69614"},"modified":"2024-12-04T21:14:58","modified_gmt":"2024-12-04T21:14:58","slug":"ituri-larmee-tue-5-miliciens-a-mambasa","status":"publish","type":"post","link":"https:\/\/www.latempete.info\/?p=69614","title":{"rendered":"Ituri : l\u2019arm\u00e9e tue 5 miliciens \u00e0 Mambasa"},"content":{"rendered":"\n<p> Par LM<\/p>\n\n\n\n<p>Les Forces Arm\u00e9es de la R\u00e9publique D\u00e9mocratique du Congo (FARDC) ont lanc\u00e9 une offensive contre le quartier g\u00e9n\u00e9ral du mouvement insurrectionnel des Mai-Mai le week-end dernier dans la localit\u00e9 d\u2019Enjwa, en territoire de Mambasa, au sud-ouest de Bunia, chef-lieu de la province d\u2019Ituri.<\/p>\n\n\n\n<p>Lors de cette op\u00e9ration militaire effectu\u00e9e par les soldats bas\u00e9s \u00e0 Mambasa, 5 miliciens de ce mouvement ont \u00e9t\u00e9 tu\u00e9s, 3 autres captur\u00e9s et des minutions de guerre r\u00e9cup\u00e9r\u00e9es, a rapport\u00e9 lundi 2 d\u00e9cembre 2024, Jules Ngongo Tshikudi, porte-parole des op\u00e9rations militaires en Ituri. \u00ab\u00a0Le bilan se pr\u00e9sente comme-suit : plusieurs \u00e9l\u00e9ments de ce mouvement neutralis\u00e9s, d\u2019autres captur\u00e9s, les armes de guerre, m\u00eame un mortier 60 et un nombre important de munitions ont \u00e9t\u00e9 r\u00e9cup\u00e9r\u00e9es par les forces r\u00e9guli\u00e8res de la RDC\u00bb, a-t-il pr\u00e9cis\u00e9.<\/p>\n\n\n\n<p>Le porte-parole des FARDC rassure de la poursuite de ces miliciens jusqu\u2019\u00e0 leur dernier retranchement, occasion pour lui d\u2019appeler la population \u00e0 continuer \u00e0 faire confiance \u00e0 l\u2019arm\u00e9e et renforcer sa collaboration avec celle-ci pour le retour de la paix.<\/p>\n\n\n\n<p>Dans cette r\u00e9gion, un autre groupe de miliciens Mai-Mai s\u2019est rendu, il y a pr\u00e8s de deux semaines, aux Forces arm\u00e9es de la R\u00e9publique d\u00e9mocratique du Congo. Au nombre de 10, ces ex-combattants avaient \u00e9galement d\u00e9pos\u00e9 des armes au profit\u00a0de\u00a0la\u00a0paix.<\/p>\n","protected":false},"excerpt":{"rendered":"<p>Par LM Les Forces Arm\u00e9es de la R\u00e9publique D\u00e9mocratique du Congo (FARDC) ont lanc\u00e9 une offensive contre le quartier g\u00e9n\u00e9ral du mouvement insurrectionnel des Mai-Mai le week-end dernier dans la localit\u00e9 d\u2019Enjwa, en territoire de Mambasa, au sud-ouest de Bunia, chef-lieu de la province d\u2019Ituri. Lors de cette op\u00e9ration militaire effectu\u00e9e par les soldats bas\u00e9s [&hellip;]<\/p>\n","protected":false},"author":1,"featured_media":0,"comment_status":"closed","ping_status":"closed","sticky":false,"template":"","format":"standard","meta":{"footnotes":""},"categories":[134,25,10],"tags":[],"class_list":["post-69614","post","type-post","status-publish","format-standard","hentry","category-la-tempete-des-tropiques","category-province","category-societe"],"_links":{"self":[{"href":"https:\/\/www.latempete.info\/index.php?rest_route=\/wp\/v2\/posts\/69614"}],"collection":[{"href":"https:\/\/www.latempete.info\/index.php?rest_route=\/wp\/v2\/posts"}],"about":[{"href":"https:\/\/www.latempete.info\/index.php?rest_route=\/wp\/v2\/types\/post"}],"author":[{"embeddable":true,"href":"https:\/\/www.latempete.info\/index.php?rest_route=\/wp\/v2\/users\/1"}],"replies":[{"embeddable":true,"href":"https:\/\/www.latempete.info\/index.php?rest_route=%2Fwp%2Fv2%2Fcomments&post=69614"}],"version-history":[{"count":1,"href":"https:\/\/www.latempete.info\/index.php?rest_route=\/wp\/v2\/posts\/69614\/revisions"}],"predecessor-version":[{"id":69615,"href":"https:\/\/www.latempete.info\/index.php?rest_route=\/wp\/v2\/posts\/69614\/revisions\/69615"}],"wp:attachment":[{"href":"https:\/\/www.latempete.info\/index.php?rest_route=%2Fwp%2Fv2%2Fmedia&parent=69614"}],"wp:term":[{"taxonomy":"category","embeddable":true,"href":"https:\/\/www.latempete.info\/index.php?rest_route=%2Fwp%2Fv2%2Fcategories&post=69614"},{"taxonomy":"post_tag","embeddable":true,"href":"https:\/\/www.latempete.info\/index.php?rest_route=%2Fwp%2Fv2%2Ftags&post=69614"}],"curies":[{"name":"wp","href":"https:\/\/api.w.org\/{rel}","templated":true}]}}