{"id":69668,"date":"2024-12-09T12:31:43","date_gmt":"2024-12-09T12:31:43","guid":{"rendered":"https:\/\/www.latempete.info\/?p=69668"},"modified":"2024-12-09T12:31:45","modified_gmt":"2024-12-09T12:31:45","slug":"opposition-fayulu-et-katumbi-a-la-recherche-de-lunite-hypothetique","status":"publish","type":"post","link":"https:\/\/www.latempete.info\/?p=69668","title":{"rendered":"Opposition : Fayulu et Katumbi \u00e0 la recherche de l&rsquo;unit\u00e9 hypoth\u00e9tique"},"content":{"rendered":"\n<p>Par MKM<\/p>\n\n\n\n<p>Martin Fayulu Madidi et Mo\u00efse Katumbi Chapwe se sont retrouv\u00e9s \u00e0 deux \u00e0 Bruxelles, plus pr\u00e9cis\u00e9ment \u00e0 Genval dans la commune de Rixensart dans la R\u00e9gion wallonne \u00e0 Brabant Wallon. Les deux personnages ont parl\u00e9, le samedi 7 d\u00e9cembre, de l&rsquo;unit\u00e9 de l&rsquo;opposition en RDC. Les sources qui livrent cette information indiquent que ladite rencontre entre dans le cadre de pr\u00e9paratifs d&rsquo;une grande r\u00e9union ouverte aux diff\u00e9rentes tendances de l&rsquo;opposition dans quelques jours.<\/p>\n\n\n\n<p>L&rsquo;unit\u00e9 recherch\u00e9e de l&rsquo;opposition reste hypoth\u00e9tique, au regard des attitudes dans le r\u00e9cent pass\u00e9 de ces deux personnes. Le pr\u00e9sident de l&rsquo;Engagement pour la citoyennet\u00e9 et le d\u00e9veloppement (Ecid\u00e9) et le Chairman de l&rsquo;Ensemble pour la R\u00e9publique n&rsquo;ont jamais tiss\u00e9 des rapports qui aboutissent.<\/p>\n\n\n\n<p>Quand il fallait trouver un candidat unique de l&rsquo;opposition pour les \u00e9lections de 2023, ils se sont repouss\u00e9s. Est- ce possible de contrer les id\u00e9es sur la Constitution pr\u00e9sent\u00e9es par celui qui les a battus et se trouve au d\u00e9but de son mandat ?<\/p>\n\n\n\n<p>Sans les minimiser, leur pass\u00e9 ne les pointe pas bien partis pour r\u00e9unir un bon nombre de concitoyens \u00e0 leur cause.<\/p>\n","protected":false},"excerpt":{"rendered":"<p>Par MKM Martin Fayulu Madidi et Mo\u00efse Katumbi Chapwe se sont retrouv\u00e9s \u00e0 deux \u00e0 Bruxelles, plus pr\u00e9cis\u00e9ment \u00e0 Genval dans la commune de Rixensart dans la R\u00e9gion wallonne \u00e0 Brabant Wallon. Les deux personnages ont parl\u00e9, le samedi 7 d\u00e9cembre, de l&rsquo;unit\u00e9 de l&rsquo;opposition en RDC. Les sources qui livrent cette information indiquent que [&hellip;]<\/p>\n","protected":false},"author":1,"featured_media":69669,"comment_status":"closed","ping_status":"closed","sticky":false,"template":"","format":"standard","meta":{"footnotes":""},"categories":[136,134,130,5],"tags":[],"class_list":["post-69668","post","type-post","status-publish","format-standard","has-post-thumbnail","hentry","category-a-la-une","category-la-tempete-des-tropiques","category-nation","category-politique"],"_links":{"self":[{"href":"https:\/\/www.latempete.info\/index.php?rest_route=\/wp\/v2\/posts\/69668"}],"collection":[{"href":"https:\/\/www.latempete.info\/index.php?rest_route=\/wp\/v2\/posts"}],"about":[{"href":"https:\/\/www.latempete.info\/index.php?rest_route=\/wp\/v2\/types\/post"}],"author":[{"embeddable":true,"href":"https:\/\/www.latempete.info\/index.php?rest_route=\/wp\/v2\/users\/1"}],"replies":[{"embeddable":true,"href":"https:\/\/www.latempete.info\/index.php?rest_route=%2Fwp%2Fv2%2Fcomments&post=69668"}],"version-history":[{"count":1,"href":"https:\/\/www.latempete.info\/index.php?rest_route=\/wp\/v2\/posts\/69668\/revisions"}],"predecessor-version":[{"id":69670,"href":"https:\/\/www.latempete.info\/index.php?rest_route=\/wp\/v2\/posts\/69668\/revisions\/69670"}],"wp:featuredmedia":[{"embeddable":true,"href":"https:\/\/www.latempete.info\/index.php?rest_route=\/wp\/v2\/media\/69669"}],"wp:attachment":[{"href":"https:\/\/www.latempete.info\/index.php?rest_route=%2Fwp%2Fv2%2Fmedia&parent=69668"}],"wp:term":[{"taxonomy":"category","embeddable":true,"href":"https:\/\/www.latempete.info\/index.php?rest_route=%2Fwp%2Fv2%2Fcategories&post=69668"},{"taxonomy":"post_tag","embeddable":true,"href":"https:\/\/www.latempete.info\/index.php?rest_route=%2Fwp%2Fv2%2Ftags&post=69668"}],"curies":[{"name":"wp","href":"https:\/\/api.w.org\/{rel}","templated":true}]}}