{"id":69689,"date":"2024-12-09T17:48:48","date_gmt":"2024-12-09T17:48:48","guid":{"rendered":"https:\/\/www.latempete.info\/?p=69689"},"modified":"2024-12-09T17:49:28","modified_gmt":"2024-12-09T17:49:28","slug":"appel-pour-lappropriation-des-musees-comme-des-patrimoines-culturels","status":"publish","type":"post","link":"https:\/\/www.latempete.info\/?p=69689","title":{"rendered":"Appel pour l&rsquo;appropriation des mus\u00e9es comme des patrimoines culturels"},"content":{"rendered":"\n<p> Par YHR<\/p>\n\n\n\n<p>Un appel pour l&rsquo;appropriation des mus\u00e9es comme des patrimoines culturels en R\u00e9publique d\u00e9mocratique du Congo a \u00e9t\u00e9 envisag\u00e9 par une administratrice provinciale de l&rsquo;Institut des mus\u00e9es nationaux du Congo (IMNC) lors d&rsquo;un entretien samedi avec l&rsquo;ACP.<\/p>\n\n\n\n<p>\u00a0\u00bb Nous voulons que la population puisse percevoir les mus\u00e9es d&rsquo;une autre mani\u00e8re. Les mus\u00e9es sont des patrimoines qui n\u00e9cessitent des moyens \u00e9normes pour leur survie ; il est imp\u00e9rieux que la soci\u00e9t\u00e9 congolaise puisse adopter une autre approche par rapport aux mus\u00e9es d&rsquo;arts, qui exposent le patrimoine qu&rsquo;ils conservent \u00ab\u00a0, a d\u00e9clar\u00e9 Georgette Malonga, directrice du mus\u00e9e national de Boma.<\/p>\n\n\n\n<p>Selon elle, les mus\u00e9es sont les miroirs de diverses richesses culturelles du pays. Ils doivent rev\u00eatir normalement leurs fonctions des patrimoines culturels. Ils jouent un r\u00f4le tr\u00e8s important dans l&rsquo;\u00e9ducation de la masse et permettent \u00e0 celle-ci de se ressourcer. Afin de percevoir les mus\u00e9es d&rsquo;une autre mani\u00e8re, elle a \u00e9num\u00e9r\u00e9 les strat\u00e9gies que ce mus\u00e9e propose \u00e0 l&rsquo;Institut national des mus\u00e9es du Congo notamment, la r\u00e9habilitation et la promotion des sites, \u00e0 travers les multim\u00e9dia, la r\u00e9alisation des conf\u00e9rences, des panels et autres journ\u00e9es portes ouvertes. Selon l&rsquo;oratrice, le mois de janvier de l&rsquo;ann\u00e9e en cours, une journ\u00e9e culturelle porte ouverte d\u00e9nomm\u00e9 \u00a0\u00bb Mus\u00e9e \u00e0 ciel ouvert \u00a0\u00bb avait \u00e9t\u00e9 organis\u00e9e \u00e0 Boma, dans la province du Kongo Central. Une activit\u00e9 similaire est pr\u00e9vue \u00e0 la fin de ce mois de d\u00e9cembre d\u00e9nomm\u00e9e \u00a0\u00bb Vacances avec le mus\u00e9e\u00a0\u00bb pendant 5 jours pour permettre aux vacanciers de se divertir et de se ressourcer afin de susciter l&rsquo;int\u00e9r\u00eat des institutions mus\u00e9ales et des sites historiques aupr\u00e8s des Bomatraciens. Le mus\u00e9e national de Boma dispose de deux salles d&rsquo;expositions qui sont en cours de r\u00e9habilitation.<\/p>\n\n\n\n<p>\u00a0\u00bb Apr\u00e8s \u00a0\u00bbVacances avec le mus\u00e9e\u00a0\u00bb, des objets d&rsquo;arts Kongo seront aussi expos\u00e9s durant le mois de janvier dans le m\u00eame but. Nous avons deux salles d&rsquo;expositions en cours de r\u00e9habilitation, nous comptons commencer les expositions le mois de janvier \u00ab\u00a0, a-t-elle conclu. Le mus\u00e9e national de Boma a \u00e9t\u00e9 construit en 1899. Et la ville de Boma, en elle-m\u00eame, renferme plusieurs vestiges coloniaux susceptibles de retracer l&rsquo;histoire de la RDC qu&rsquo;il faut valoriser. Notamment la premi\u00e8re voiture qui a roul\u00e9 sur le sol congolais, le premier poste de l&rsquo;Afrique centrale, la premi\u00e8re cath\u00e9drale de l&rsquo;Afrique centrale, le premier camp militaire, la r\u00e9sidence du premier gouverneur de l&rsquo;\u00c9tat ind\u00e9pendant du Congo (EIC)<\/p>\n\n\n\n<p>acp.cd<\/p>\n","protected":false},"excerpt":{"rendered":"<p>Par YHR Un appel pour l&rsquo;appropriation des mus\u00e9es comme des patrimoines culturels en R\u00e9publique d\u00e9mocratique du Congo a \u00e9t\u00e9 envisag\u00e9 par une administratrice provinciale de l&rsquo;Institut des mus\u00e9es nationaux du Congo (IMNC) lors d&rsquo;un entretien samedi avec l&rsquo;ACP. \u00a0\u00bb Nous voulons que la population puisse percevoir les mus\u00e9es d&rsquo;une autre mani\u00e8re. Les mus\u00e9es sont des [&hellip;]<\/p>\n","protected":false},"author":1,"featured_media":0,"comment_status":"closed","ping_status":"closed","sticky":false,"template":"","format":"standard","meta":{"footnotes":""},"categories":[28,8,125,134,128,1],"tags":[],"class_list":["post-69689","post","type-post","status-publish","format-standard","hentry","category-coutumes","category-culture-media","category-expo","category-la-tempete-des-tropiques","category-litterature","category-uncategorized"],"_links":{"self":[{"href":"https:\/\/www.latempete.info\/index.php?rest_route=\/wp\/v2\/posts\/69689"}],"collection":[{"href":"https:\/\/www.latempete.info\/index.php?rest_route=\/wp\/v2\/posts"}],"about":[{"href":"https:\/\/www.latempete.info\/index.php?rest_route=\/wp\/v2\/types\/post"}],"author":[{"embeddable":true,"href":"https:\/\/www.latempete.info\/index.php?rest_route=\/wp\/v2\/users\/1"}],"replies":[{"embeddable":true,"href":"https:\/\/www.latempete.info\/index.php?rest_route=%2Fwp%2Fv2%2Fcomments&post=69689"}],"version-history":[{"count":1,"href":"https:\/\/www.latempete.info\/index.php?rest_route=\/wp\/v2\/posts\/69689\/revisions"}],"predecessor-version":[{"id":69690,"href":"https:\/\/www.latempete.info\/index.php?rest_route=\/wp\/v2\/posts\/69689\/revisions\/69690"}],"wp:attachment":[{"href":"https:\/\/www.latempete.info\/index.php?rest_route=%2Fwp%2Fv2%2Fmedia&parent=69689"}],"wp:term":[{"taxonomy":"category","embeddable":true,"href":"https:\/\/www.latempete.info\/index.php?rest_route=%2Fwp%2Fv2%2Fcategories&post=69689"},{"taxonomy":"post_tag","embeddable":true,"href":"https:\/\/www.latempete.info\/index.php?rest_route=%2Fwp%2Fv2%2Ftags&post=69689"}],"curies":[{"name":"wp","href":"https:\/\/api.w.org\/{rel}","templated":true}]}}