{"id":70112,"date":"2025-01-14T06:30:56","date_gmt":"2025-01-14T06:30:56","guid":{"rendered":"https:\/\/www.latempete.info\/?p=70112"},"modified":"2025-01-14T06:30:58","modified_gmt":"2025-01-14T06:30:58","slug":"assainissement-a-matadi-le-11%e1%b5%89-regiment-genie-militaire-prend-la-releve-des-civils","status":"publish","type":"post","link":"https:\/\/www.latempete.info\/?p=70112","title":{"rendered":"Assainissement \u00e0 Matadi : le 11\u1d49 R\u00e9giment G\u00e9nie Militaire prend la rel\u00e8ve des civils"},"content":{"rendered":"\n<p>Par Dieudonn\u00e9 Muaka Dimbi<\/p>\n\n\n\n<p>Le 11\u00e8me R\u00e9giment G\u00e9nie Militaire a, depuis le jeudi 9 janvier dernier, pris la rel\u00e8ve des civils commis \u00e0 l&rsquo;assainissement de la ville de Matadi. Ces derniers ont \u00e9t\u00e9 remplac\u00e9s pour n&rsquo;avoir pas satisfait l&rsquo;H\u00f4tel de ville qui les avait recrut\u00e9s pour l&rsquo;ex\u00e9cution du nettoyage de la capitale du Kongo &#8211; Central. V\u00eatus tous des salopettes et bottines neuves, ces 100 soldats du 11\u00e8me R\u00e9giment G\u00e9nie Militaire ont, \u00e0 cet effet, abandonn\u00e9 momentan\u00e9ment leurs armes pour les pelles, b\u00eaches, brouettes, machettes, houes, r\u00e2teaux.<\/p>\n\n\n\n<p>Ils ont pour mission de d\u00e9barrasser de Matadi des montagnes d&rsquo;immondices jonchant ses principales art\u00e8res \u00e0 la base de diverses maladies que contracte la population, de curer tous les caniveaux et rigoles pour la bonne circulation des eaux us\u00e9es et des pluies. Tous les march\u00e9s publics cr\u00e9\u00e9s en violation des normes urbanistiques en vigueur seront d\u00e9localis\u00e9. Des \u00e9paves des v\u00e9hicules abandonn\u00e9es sur la chauss\u00e9e ainsi que les boutiques de fortune et autres hangars construits sur les rigoles le long des art\u00e8res principales seront \u00e9vacu\u00e9s.<\/p>\n\n\n\n<p>Sensibilisation pr\u00e9alable<\/p>\n\n\n\n<p>Toutefois, contrairement \u00e0 ce que pensent certaines personnes malintentionn\u00e9es, ces militaires qui appliquent strictement les instructions de l&rsquo;autorit\u00e9 urbaine, ne brutalisent pas. Ils commencent d&rsquo;abord par sensibiliser, quelques jours auparavant, les populations habitant les diff\u00e9rents sites \u00e0 assainir, avant de passer \u00e0 l&rsquo;action. Question de permettre \u00e0 ces derni\u00e8res de prendre toutes les dispositions qui s&rsquo;imposent.<\/p>\n\n\n\n<p>Entretemps, par crainte des sanctions qui peuvent aller jusqu&rsquo;au paiement des amendes, presque tous ob\u00e9issent \u00e0 leurs injonctions. Seuls les r\u00e9calcitrants seront sanctionn\u00e9s. Dans un premier temps, seule la commune de Matadi est concern\u00e9e par cette op\u00e9ration. C&rsquo;est ce qui explique la pr\u00e9sence de ces soldats dans ses diff\u00e9rents quartiers. Entre autres Kinkanda, Centre ville, Buima, voir vers le port de Matadi Gateway Terminal (MGT). Suivront ensuite les communes de Nzanza et de Mvuzi. <\/p>\n\n\n\n<p>Pour le Chef de l&rsquo;Ex\u00e9cutif urbain, cette op\u00e9ration s&rsquo;inscrit dans une strat\u00e9gie \u00e0 long terme visant \u00e0 restaurer un environnement sain de Matadi en cette p\u00e9riode caract\u00e9ris\u00e9e par de nombreux d\u00e9fis. Parmi lesquels la reconversion de mentalit\u00e9 des populations qui ne connait toujours pas une \u00e9volution souhait\u00e9e par tout le monde. <\/p>\n\n\n\n<p>A cela s&rsquo;ajoute, a pr\u00e9cis\u00e9 le Chef de l&rsquo;Ex\u00e9cutif urbain, le ph\u00e9nom\u00e8ne li\u00e9 aux d\u00e9chets plastiques et au r\u00e9chauffement climatique ; lequel continuent \u00e0 prendre de l&rsquo;ampleur. Toutefois, Dominique Nkodia Mbete dit \u00eatre optimiste quant \u00e0 la r\u00e9ussite de cette op\u00e9ration dont il est le principal initiateur et laquelle vise \u00e9galement l&rsquo;am\u00e9lioration de l&rsquo;image des hommes en uniforme tr\u00e8s souvent consid\u00e9r\u00e9s comme des troubles &#8211; f\u00eates.<\/p>\n","protected":false},"excerpt":{"rendered":"<p>Par Dieudonn\u00e9 Muaka Dimbi Le 11\u00e8me R\u00e9giment G\u00e9nie Militaire a, depuis le jeudi 9 janvier dernier, pris la rel\u00e8ve des civils commis \u00e0 l&rsquo;assainissement de la ville de Matadi. Ces derniers ont \u00e9t\u00e9 remplac\u00e9s pour n&rsquo;avoir pas satisfait l&rsquo;H\u00f4tel de ville qui les avait recrut\u00e9s pour l&rsquo;ex\u00e9cution du nettoyage de la capitale du Kongo &#8211; [&hellip;]<\/p>\n","protected":false},"author":1,"featured_media":70113,"comment_status":"closed","ping_status":"closed","sticky":false,"template":"","format":"standard","meta":{"footnotes":""},"categories":[136,134,130,25,10],"tags":[],"class_list":["post-70112","post","type-post","status-publish","format-standard","has-post-thumbnail","hentry","category-a-la-une","category-la-tempete-des-tropiques","category-nation","category-province","category-societe"],"_links":{"self":[{"href":"https:\/\/www.latempete.info\/index.php?rest_route=\/wp\/v2\/posts\/70112"}],"collection":[{"href":"https:\/\/www.latempete.info\/index.php?rest_route=\/wp\/v2\/posts"}],"about":[{"href":"https:\/\/www.latempete.info\/index.php?rest_route=\/wp\/v2\/types\/post"}],"author":[{"embeddable":true,"href":"https:\/\/www.latempete.info\/index.php?rest_route=\/wp\/v2\/users\/1"}],"replies":[{"embeddable":true,"href":"https:\/\/www.latempete.info\/index.php?rest_route=%2Fwp%2Fv2%2Fcomments&post=70112"}],"version-history":[{"count":1,"href":"https:\/\/www.latempete.info\/index.php?rest_route=\/wp\/v2\/posts\/70112\/revisions"}],"predecessor-version":[{"id":70114,"href":"https:\/\/www.latempete.info\/index.php?rest_route=\/wp\/v2\/posts\/70112\/revisions\/70114"}],"wp:featuredmedia":[{"embeddable":true,"href":"https:\/\/www.latempete.info\/index.php?rest_route=\/wp\/v2\/media\/70113"}],"wp:attachment":[{"href":"https:\/\/www.latempete.info\/index.php?rest_route=%2Fwp%2Fv2%2Fmedia&parent=70112"}],"wp:term":[{"taxonomy":"category","embeddable":true,"href":"https:\/\/www.latempete.info\/index.php?rest_route=%2Fwp%2Fv2%2Fcategories&post=70112"},{"taxonomy":"post_tag","embeddable":true,"href":"https:\/\/www.latempete.info\/index.php?rest_route=%2Fwp%2Fv2%2Ftags&post=70112"}],"curies":[{"name":"wp","href":"https:\/\/api.w.org\/{rel}","templated":true}]}}