{"id":70200,"date":"2025-01-22T19:55:39","date_gmt":"2025-01-22T19:55:39","guid":{"rendered":"https:\/\/www.latempete.info\/?p=70200"},"modified":"2025-01-22T19:55:40","modified_gmt":"2025-01-22T19:55:40","slug":"plongee-dans-une-ecole-parisienne-avec-le-documentaire-chateau-rouge","status":"publish","type":"post","link":"https:\/\/www.latempete.info\/?p=70200","title":{"rendered":"Plong\u00e9e dans une \u00e9cole parisienne avec le documentaire \u00ab\u00a0Ch\u00e2teau rouge\u00a0\u00bb"},"content":{"rendered":"\n<p>Par YHR<\/p>\n\n\n\n<p>Dans son documentaire \u00a0\u00bb Ch\u00e2teau rouge \u00ab\u00a0, du nom de la station de m\u00e9tro parisienne , la r\u00e9alisatrice H\u00e9l\u00e8ne Milano suit pendant 107 minutes les \u00e9l\u00e8ves d&rsquo;une classe de troisi\u00e8me du coll\u00e8ge Georges Clemenceau au Quartier de la Goutte d&rsquo;Or, \u00e0 Paris, \u00e0 leur crois\u00e9e des chemins, entre les r\u00eaves personnels et les exigences de la soci\u00e9t\u00e9.<\/p>\n\n\n\n<p> Les adultes tentent de les guider, malgr\u00e9? la violence du syst\u00e8me. La r\u00e9alisatrice suit des jeunes comme dans ses deux documentaires pr\u00e9c\u00e9dents, \u00a0\u00bb Les Roses noires \u00a0\u00bb et \u00a0\u00bb Les Charbons ardent \u00ab\u00a0.<\/p>\n","protected":false},"excerpt":{"rendered":"<p>Par YHR Dans son documentaire \u00a0\u00bb Ch\u00e2teau rouge \u00ab\u00a0, du nom de la station de m\u00e9tro parisienne , la r\u00e9alisatrice H\u00e9l\u00e8ne Milano suit pendant 107 minutes les \u00e9l\u00e8ves d&rsquo;une classe de troisi\u00e8me du coll\u00e8ge Georges Clemenceau au Quartier de la Goutte d&rsquo;Or, \u00e0 Paris, \u00e0 leur crois\u00e9e des chemins, entre les r\u00eaves personnels et les [&hellip;]<\/p>\n","protected":false},"author":1,"featured_media":0,"comment_status":"closed","ping_status":"closed","sticky":false,"template":"","format":"standard","meta":{"footnotes":""},"categories":[8,134,30],"tags":[],"class_list":["post-70200","post","type-post","status-publish","format-standard","hentry","category-culture-media","category-la-tempete-des-tropiques","category-revue-de-presse"],"_links":{"self":[{"href":"https:\/\/www.latempete.info\/index.php?rest_route=\/wp\/v2\/posts\/70200"}],"collection":[{"href":"https:\/\/www.latempete.info\/index.php?rest_route=\/wp\/v2\/posts"}],"about":[{"href":"https:\/\/www.latempete.info\/index.php?rest_route=\/wp\/v2\/types\/post"}],"author":[{"embeddable":true,"href":"https:\/\/www.latempete.info\/index.php?rest_route=\/wp\/v2\/users\/1"}],"replies":[{"embeddable":true,"href":"https:\/\/www.latempete.info\/index.php?rest_route=%2Fwp%2Fv2%2Fcomments&post=70200"}],"version-history":[{"count":1,"href":"https:\/\/www.latempete.info\/index.php?rest_route=\/wp\/v2\/posts\/70200\/revisions"}],"predecessor-version":[{"id":70201,"href":"https:\/\/www.latempete.info\/index.php?rest_route=\/wp\/v2\/posts\/70200\/revisions\/70201"}],"wp:attachment":[{"href":"https:\/\/www.latempete.info\/index.php?rest_route=%2Fwp%2Fv2%2Fmedia&parent=70200"}],"wp:term":[{"taxonomy":"category","embeddable":true,"href":"https:\/\/www.latempete.info\/index.php?rest_route=%2Fwp%2Fv2%2Fcategories&post=70200"},{"taxonomy":"post_tag","embeddable":true,"href":"https:\/\/www.latempete.info\/index.php?rest_route=%2Fwp%2Fv2%2Ftags&post=70200"}],"curies":[{"name":"wp","href":"https:\/\/api.w.org\/{rel}","templated":true}]}}