{"id":70438,"date":"2025-02-07T07:14:55","date_gmt":"2025-02-07T07:14:55","guid":{"rendered":"https:\/\/www.latempete.info\/?p=70438"},"modified":"2025-02-08T07:18:06","modified_gmt":"2025-02-08T07:18:06","slug":"justice-militaire-kinshasa-lance-un-mandat-darret-international-contre-corneille-nangaa","status":"publish","type":"post","link":"https:\/\/www.latempete.info\/?p=70438","title":{"rendered":"Justice militaire : Kinshasa lance un mandat d&rsquo;arr\u00eat international contre Corneille Nangaa"},"content":{"rendered":"\n<p>Par DMK<\/p>\n\n\n\n<p>La R\u00e9publique D\u00e9mocratique du Congo vient d&rsquo;envoyer un message fort au r\u00e9gime terroriste de Kigali et \u00e0 ses pantins de l&rsquo;Alliance Fleuve Congo (AFC) et M 23, en lan\u00e7ant un mandat d&rsquo;arr\u00eat international contre Corneille Nangaa, chef de l&rsquo;AFC, mouvement politico-militaire soutenu militairement par le Rwanda. Selon un document officiel sign\u00e9 par l&rsquo;Avocat g\u00e9n\u00e9ral militaire pr\u00e8s la Cour militaire, le colonel magistrat Parfait Mbuta Muntu cit\u00e9 par l&rsquo;Agence Congolaise de presse, le mandat d&rsquo;arr\u00eat international contre Corneille Nangaa a \u00e9t\u00e9 lanc\u00e9 le mercredi 5 f\u00e9vrier 2025 par la Cour militaire de Kinshasa\/Gombe.<\/p>\n\n\n\n<p> L&rsquo;ancien pr\u00e9sident de la Commission \u00e9lectorale nationale ind\u00e9pendante (CENI) lors des \u00e9lections g\u00e9n\u00e9rales de 2018 et qui dirige aujourd&rsquo;hui un mouvement terroriste op\u00e9rant aux c\u00f4t\u00e9s du M 23, est poursuivi par la justice militaire congolaise pour plusieurs griefs. Notamment, crimes de guerre, crimes contre l&rsquo;humanit\u00e9, insurrection et tortures. Avec le mandat ainsi \u00e9mis par la justice militaire, Corneille Nangaa est d\u00e9sormais susceptible d&rsquo;\u00eatre arr\u00eat\u00e9 en tous lieux et d&rsquo;\u00eatre conduit sur le territoire de la RDC sous bonne garde et remis aux autorit\u00e9s comp\u00e9tentes, pour qu&rsquo;il soit jug\u00e9 pour les atrocit\u00e9s commises par son groupe terroriste.<\/p>\n\n\n\n<p>Les poursuites judiciaires lanc\u00e9es contre Nangaa interviennent quelques jours apr\u00e8s l&rsquo;assaut lanc\u00e9 par le M 23 et l&rsquo;AFC au Nord-Kivu avec l&rsquo;appui militaire du Rwanda et qui leur a permis de s&#8217;emparer de la ville de Goma au terme d&rsquo;un carnage qui a fait environ 3000 morts, des milliers de bless\u00e9s, et d&rsquo;importants d\u00e9g\u00e2ts mat\u00e9riels. Des atrocit\u00e9s que Kinshasa n&rsquo;entend pas laisser impunies. Surtout quand on sait que ces atrocit\u00e9s ont \u00e9t\u00e9 commises par un homme qui avait dirig\u00e9 la centrale \u00e9lectorale avant de basculer dans la r\u00e9bellion et le terrorisme, violant ainsi son serment.<\/p>\n\n\n\n<p>Pour rappel, l&rsquo;ancien pr\u00e9sident de la Commission \u00e9lectorale nationale ind\u00e9pendante avait \u00e9t\u00e9 condamn\u00e9 \u00e0 mort, en ao\u00fbt dernier, par la Haute Cour militaire. Une condamnation qui lui a valu la saisie de tous ses biens et immobiliers par la justice.<\/p>\n\n\n\n<p>Dans ce contexte marqu\u00e9 par des poursuites engag\u00e9es contre Nangaa, tout porte \u00e0 croire que Kinshasa n&rsquo;acceptera pas de s&rsquo;asseoir autour d&rsquo;une m\u00eame table avec les auteurs du massacre qui vient d&rsquo;\u00eatre commis dans la ville de Goma, alors qu&rsquo;un Sommet conjoint va r\u00e9unir la SADC et l&rsquo;EAC, ce vendredi 7 f\u00e9vrier en Tanzanie, en vue d&rsquo;obtenir une d\u00e9sescalade du conflit qui d\u00e9chire l&rsquo;Est de la R\u00e9publique D\u00e9mocratique du Congo.<\/p>\n","protected":false},"excerpt":{"rendered":"<p>Par DMK La R\u00e9publique D\u00e9mocratique du Congo vient d&rsquo;envoyer un message fort au r\u00e9gime terroriste de Kigali et \u00e0 ses pantins de l&rsquo;Alliance Fleuve Congo (AFC) et M 23, en lan\u00e7ant un mandat d&rsquo;arr\u00eat international contre Corneille Nangaa, chef de l&rsquo;AFC, mouvement politico-militaire soutenu militairement par le Rwanda. Selon un document officiel sign\u00e9 par l&rsquo;Avocat [&hellip;]<\/p>\n","protected":false},"author":1,"featured_media":70439,"comment_status":"closed","ping_status":"closed","sticky":false,"template":"","format":"standard","meta":{"footnotes":""},"categories":[136,860,134,10],"tags":[],"class_list":["post-70438","post","type-post","status-publish","format-standard","has-post-thumbnail","hentry","category-a-la-une","category-justice","category-la-tempete-des-tropiques","category-societe"],"_links":{"self":[{"href":"https:\/\/www.latempete.info\/index.php?rest_route=\/wp\/v2\/posts\/70438"}],"collection":[{"href":"https:\/\/www.latempete.info\/index.php?rest_route=\/wp\/v2\/posts"}],"about":[{"href":"https:\/\/www.latempete.info\/index.php?rest_route=\/wp\/v2\/types\/post"}],"author":[{"embeddable":true,"href":"https:\/\/www.latempete.info\/index.php?rest_route=\/wp\/v2\/users\/1"}],"replies":[{"embeddable":true,"href":"https:\/\/www.latempete.info\/index.php?rest_route=%2Fwp%2Fv2%2Fcomments&post=70438"}],"version-history":[{"count":1,"href":"https:\/\/www.latempete.info\/index.php?rest_route=\/wp\/v2\/posts\/70438\/revisions"}],"predecessor-version":[{"id":70440,"href":"https:\/\/www.latempete.info\/index.php?rest_route=\/wp\/v2\/posts\/70438\/revisions\/70440"}],"wp:featuredmedia":[{"embeddable":true,"href":"https:\/\/www.latempete.info\/index.php?rest_route=\/wp\/v2\/media\/70439"}],"wp:attachment":[{"href":"https:\/\/www.latempete.info\/index.php?rest_route=%2Fwp%2Fv2%2Fmedia&parent=70438"}],"wp:term":[{"taxonomy":"category","embeddable":true,"href":"https:\/\/www.latempete.info\/index.php?rest_route=%2Fwp%2Fv2%2Fcategories&post=70438"},{"taxonomy":"post_tag","embeddable":true,"href":"https:\/\/www.latempete.info\/index.php?rest_route=%2Fwp%2Fv2%2Ftags&post=70438"}],"curies":[{"name":"wp","href":"https:\/\/api.w.org\/{rel}","templated":true}]}}