{"id":70523,"date":"2025-02-13T13:46:49","date_gmt":"2025-02-13T13:46:49","guid":{"rendered":"https:\/\/www.latempete.info\/?p=70523"},"modified":"2025-02-13T13:46:53","modified_gmt":"2025-02-13T13:46:53","slug":"agression-de-la-rdc-par-le-rwanda-felix-tshisekedi-a-echange-avec-les-confessions-religieuses","status":"publish","type":"post","link":"https:\/\/www.latempete.info\/?p=70523","title":{"rendered":"Agression de la RDC par le Rwanda : F\u00e9lix Tshisekedi a \u00e9chang\u00e9 avec les confessions religieuses"},"content":{"rendered":"\n<p>Par Carroll Madiya<\/p>\n\n\n\n<p>Le Pr\u00e9sident de la R\u00e9publique, F\u00e9lix Antoine Tshisekedi Tshilombo, a re\u00e7u, le mardi 11 f\u00e9vrier 2025, une d\u00e9l\u00e9gation des plateformes des confessions religieuses compos\u00e9e de d\u00e9l\u00e9gu\u00e9s de l&rsquo;\u00c9glise de r\u00e9veil du Congo (ERC), de musulmans, des d\u00e9l\u00e9gu\u00e9s de l&rsquo;Arm\u00e9e du Salut, de l&rsquo;\u00c9glise Kimbanguiste, des Orthodoxes et de l&rsquo;\u00c9glise des noirs.<\/p>\n\n\n\n<p>\u00a0\u00bb Cet \u00e9change avec le Chef de l&rsquo;\u00c9tat \u00e9tait essentiellement consacr\u00e9 \u00e0 la question de l&rsquo;initiative de la Conf\u00e9rence \u00e9piscopale nationale du Congo (CENCO) et l&rsquo;\u00c9glise du Christ au Congo (ECC) \u00ab\u00a0, a fait savoir l&rsquo;\u00c9v\u00eaque Ejiba Yamapia, au sortir de l&rsquo;audience.<\/p>\n\n\n\n<p>Commentant cette d\u00e9marche de la CENCO et de l&rsquo;ECC, le num\u00e9ro un de l&rsquo;ERC a indiqu\u00e9 : \u00a0\u00bb le Pr\u00e9sident F\u00e9lix Tshisekedi est ouvert \u00e0 l&rsquo;initiative, mais \u00e0 condition qu&rsquo;elle soit inclusive, c&rsquo;est-\u00e0-dire que les deux confessions qui ont \u00e9t\u00e9 re\u00e7ues avant, ensemble avec nous, nous trouvions un cr\u00e9neau pour faire un programme commun. Ce sera un exemple que nous allons donner \u00e0 la nation pour l&rsquo;unit\u00e9 \u00ab\u00a0.<\/p>\n\n\n\n<p>\u00a0\u00bb Nous avons dit au Chef de l&rsquo;\u00c9tat que nous avons une s\u00e9rie de manifestations, notamment les pri\u00e8res selon le rite et la particularit\u00e9 de chaque confession religieuse, parce que nous croyons que la victoire vient de l&rsquo;\u00c9ternel \u00ab\u00a0, a conclu l&rsquo;archev\u00eaque Ejiba Yamapia.<\/p>\n","protected":false},"excerpt":{"rendered":"<p>Par Carroll Madiya Le Pr\u00e9sident de la R\u00e9publique, F\u00e9lix Antoine Tshisekedi Tshilombo, a re\u00e7u, le mardi 11 f\u00e9vrier 2025, une d\u00e9l\u00e9gation des plateformes des confessions religieuses compos\u00e9e de d\u00e9l\u00e9gu\u00e9s de l&rsquo;\u00c9glise de r\u00e9veil du Congo (ERC), de musulmans, des d\u00e9l\u00e9gu\u00e9s de l&rsquo;Arm\u00e9e du Salut, de l&rsquo;\u00c9glise Kimbanguiste, des Orthodoxes et de l&rsquo;\u00c9glise des noirs. \u00a0\u00bb [&hellip;]<\/p>\n","protected":false},"author":1,"featured_media":70524,"comment_status":"closed","ping_status":"closed","sticky":false,"template":"","format":"standard","meta":{"footnotes":""},"categories":[136,134,36,10],"tags":[],"class_list":["post-70523","post","type-post","status-publish","format-standard","has-post-thumbnail","hentry","category-a-la-une","category-la-tempete-des-tropiques","category-religion","category-societe"],"_links":{"self":[{"href":"https:\/\/www.latempete.info\/index.php?rest_route=\/wp\/v2\/posts\/70523"}],"collection":[{"href":"https:\/\/www.latempete.info\/index.php?rest_route=\/wp\/v2\/posts"}],"about":[{"href":"https:\/\/www.latempete.info\/index.php?rest_route=\/wp\/v2\/types\/post"}],"author":[{"embeddable":true,"href":"https:\/\/www.latempete.info\/index.php?rest_route=\/wp\/v2\/users\/1"}],"replies":[{"embeddable":true,"href":"https:\/\/www.latempete.info\/index.php?rest_route=%2Fwp%2Fv2%2Fcomments&post=70523"}],"version-history":[{"count":1,"href":"https:\/\/www.latempete.info\/index.php?rest_route=\/wp\/v2\/posts\/70523\/revisions"}],"predecessor-version":[{"id":70525,"href":"https:\/\/www.latempete.info\/index.php?rest_route=\/wp\/v2\/posts\/70523\/revisions\/70525"}],"wp:featuredmedia":[{"embeddable":true,"href":"https:\/\/www.latempete.info\/index.php?rest_route=\/wp\/v2\/media\/70524"}],"wp:attachment":[{"href":"https:\/\/www.latempete.info\/index.php?rest_route=%2Fwp%2Fv2%2Fmedia&parent=70523"}],"wp:term":[{"taxonomy":"category","embeddable":true,"href":"https:\/\/www.latempete.info\/index.php?rest_route=%2Fwp%2Fv2%2Fcategories&post=70523"},{"taxonomy":"post_tag","embeddable":true,"href":"https:\/\/www.latempete.info\/index.php?rest_route=%2Fwp%2Fv2%2Ftags&post=70523"}],"curies":[{"name":"wp","href":"https:\/\/api.w.org\/{rel}","templated":true}]}}