{"id":70813,"date":"2025-03-04T20:12:49","date_gmt":"2025-03-04T20:12:49","guid":{"rendered":"https:\/\/www.latempete.info\/?p=70813"},"modified":"2025-03-04T20:12:50","modified_gmt":"2025-03-04T20:12:50","slug":"le-chef-de-letat-a-rendu-un-dernier-hommage-a-edingwe-moto-na-ngenge","status":"publish","type":"post","link":"https:\/\/www.latempete.info\/?p=70813","title":{"rendered":"Le Chef de l\u2019Etat a rendu un dernier hommage a Edingwe Moto na Ngenge"},"content":{"rendered":"\n<p>Ce dimanche \u00e0 Kinshasa, \u00e0 l\u2019occasion d\u2019une c\u00e9r\u00e9monie fun\u00e9raire populaire organis\u00e9e \u00e0 l\u2019esplanade du Palais du Peuple, le Pr\u00e9sident de la R\u00e9publique F\u00e9lix Tshisekedi a rendu un dernier hommage au c\u00e9l\u00e8bre lutteur et catcheur Edingwe Mapima Mbaka Louis alias \u00ab Ya Eddy Moto n\u2019a Ngenge \u00bb.<br>Le Chef de l\u2019Etat a d\u00e9pos\u00e9 sa couronne de fleurs en s\u2019inclinant devant la d\u00e9pouille mortelle de l\u2019illustre disparu avant de r\u00e9conforter la veuve et les membres de famille du d\u00e9funt.<\/p>\n\n\n\n<p>Egalement pr\u00e9sent \u00e0 cette c\u00e9r\u00e9monie, le ministre des Sports et Loisirs, Didier Budimbu, a relev\u00e9, dans son \u00e9loge fun\u00e8bre, les qualit\u00e9s de ce sportif de renom. Selon lui, \u00ab la vie et le parcours sportif d\u2019Edingwe Moto n\u2019a Ngenge sont une source d\u2019inspiration \u00bb.<\/p>\n\n\n\n<p>Au terme de cet \u00e9v\u00e9nement, une plaque comm\u00e9morative en l\u2019honneur d\u2019Edingwe a \u00e9t\u00e9 exhib\u00e9e. Celle-ci sera fix\u00e9e au Monument des Artistes, Place Victoire, au quartier Matonge situ\u00e9e en plein centre de Kinshasa, dans la commune de Kalamu.<\/p>\n\n\n\n<p>Natif de Matete, feu Edingwe a forg\u00e9 sa r\u00e9putation dans un style particulier de lutte urbaine combinant sport et superstition.<\/p>\n\n\n\n<p>Les fans congolais de sports et ceux du catch en particulier ont effectu\u00e9 le d\u00e9placement du Palais du Peuple pour prendre part \u00e0 cette c\u00e9r\u00e9monie, aux c\u00f4t\u00e9s de nombreux dirigeants des F\u00e9d\u00e9rations sportives de la R\u00e9publique D\u00e9mocratique\u00a0 du\u00a0Congo\u00a0(RDC).<\/p>\n\n\n\n<p>Cellcom\/Presidence<\/p>\n","protected":false},"excerpt":{"rendered":"<p>Ce dimanche \u00e0 Kinshasa, \u00e0 l\u2019occasion d\u2019une c\u00e9r\u00e9monie fun\u00e9raire populaire organis\u00e9e \u00e0 l\u2019esplanade du Palais du Peuple, le Pr\u00e9sident de la R\u00e9publique F\u00e9lix Tshisekedi a rendu un dernier hommage au c\u00e9l\u00e8bre lutteur et catcheur Edingwe Mapima Mbaka Louis alias \u00ab Ya Eddy Moto n\u2019a Ngenge \u00bb.Le Chef de l\u2019Etat a d\u00e9pos\u00e9 sa couronne de fleurs [&hellip;]<\/p>\n","protected":false},"author":1,"featured_media":70814,"comment_status":"closed","ping_status":"closed","sticky":false,"template":"","format":"standard","meta":{"footnotes":""},"categories":[44,134,6],"tags":[],"class_list":["post-70813","post","type-post","status-publish","format-standard","has-post-thumbnail","hentry","category-athletisme","category-la-tempete-des-tropiques","category-sport"],"_links":{"self":[{"href":"https:\/\/www.latempete.info\/index.php?rest_route=\/wp\/v2\/posts\/70813"}],"collection":[{"href":"https:\/\/www.latempete.info\/index.php?rest_route=\/wp\/v2\/posts"}],"about":[{"href":"https:\/\/www.latempete.info\/index.php?rest_route=\/wp\/v2\/types\/post"}],"author":[{"embeddable":true,"href":"https:\/\/www.latempete.info\/index.php?rest_route=\/wp\/v2\/users\/1"}],"replies":[{"embeddable":true,"href":"https:\/\/www.latempete.info\/index.php?rest_route=%2Fwp%2Fv2%2Fcomments&post=70813"}],"version-history":[{"count":1,"href":"https:\/\/www.latempete.info\/index.php?rest_route=\/wp\/v2\/posts\/70813\/revisions"}],"predecessor-version":[{"id":70815,"href":"https:\/\/www.latempete.info\/index.php?rest_route=\/wp\/v2\/posts\/70813\/revisions\/70815"}],"wp:featuredmedia":[{"embeddable":true,"href":"https:\/\/www.latempete.info\/index.php?rest_route=\/wp\/v2\/media\/70814"}],"wp:attachment":[{"href":"https:\/\/www.latempete.info\/index.php?rest_route=%2Fwp%2Fv2%2Fmedia&parent=70813"}],"wp:term":[{"taxonomy":"category","embeddable":true,"href":"https:\/\/www.latempete.info\/index.php?rest_route=%2Fwp%2Fv2%2Fcategories&post=70813"},{"taxonomy":"post_tag","embeddable":true,"href":"https:\/\/www.latempete.info\/index.php?rest_route=%2Fwp%2Fv2%2Ftags&post=70813"}],"curies":[{"name":"wp","href":"https:\/\/api.w.org\/{rel}","templated":true}]}}