{"id":70970,"date":"2025-03-12T18:39:44","date_gmt":"2025-03-12T18:39:44","guid":{"rendered":"https:\/\/www.latempete.info\/?p=70970"},"modified":"2025-03-12T18:39:47","modified_gmt":"2025-03-12T18:39:47","slug":"sadc-guerre-a-lest-un-autre-sommet-extraordinaire-prevu-demain-en-visioconference","status":"publish","type":"post","link":"https:\/\/www.latempete.info\/?p=70970","title":{"rendered":"SADC\/Guerre \u00e0 l\u2019Est : un autre sommet extraordinaire pr\u00e9vu demain en visioconf\u00e9rence"},"content":{"rendered":"\n<p>Par LM<\/p>\n\n\n\n<p>Il se tient, demain jeudi 13 mars, en visioconf\u00e9rence, \u00e0 Harare, capitale de la R\u00e9publique du Zimbabwe, un sommet extraordinaire des chefs d\u2019\u00c9tat et de gouvernement de la Communaut\u00e9 de D\u00e9veloppement de l\u2019Afrique Australe (SADC) sur la situation s\u00e9curitaire en R\u00e9publique D\u00e9mocratique du Congo.<\/p>\n\n\n\n<p> Les travaux de ce sommet seront dirig\u00e9s par Emmerson Dambudzo Mnangagwa. pr\u00e9sident de la R\u00e9publique du Zimbabwe et pr\u00e9sident en exercice de la SADC.<br>Au cours de cette rencontre en visioconf\u00e9rence, il sera question, en premier lieu, de recevoir les informations r\u00e9centes sur l\u2019\u00e9volution de la situation s\u00e9curitaire au Congo-Kinshasa.<\/p>\n\n\n\n<p>Et en second lieu, d\u2019examiner les recommandations issues de la r\u00e9union extraordinaire du sommet de la tro\u00efka de l\u2019organe de coop\u00e9ration en mati\u00e8re de politique, de d\u00e9fense ets de s\u00e9curit\u00e9 de la SADC, tenue le 6 mars dernier.<\/p>\n\n\n\n<p>Entre-temps, la communaut\u00e9 internationale continue \u00e0 prendre des sanctions contre le Rwanda, pays agresseur de la R\u00e9publique d\u00e9mocratique du Congo depuis pr\u00e8s de 30 ans. F\u00e9lix Tshisekedi participera, sauf changement de derni\u00e8re minute, \u00e0 cette rencontre, pour mieux \u00e9clairer la lanterne de ses coll\u00e8gues.<\/p>\n","protected":false},"excerpt":{"rendered":"<p>Par LM Il se tient, demain jeudi 13 mars, en visioconf\u00e9rence, \u00e0 Harare, capitale de la R\u00e9publique du Zimbabwe, un sommet extraordinaire des chefs d\u2019\u00c9tat et de gouvernement de la Communaut\u00e9 de D\u00e9veloppement de l\u2019Afrique Australe (SADC) sur la situation s\u00e9curitaire en R\u00e9publique D\u00e9mocratique du Congo. Les travaux de ce sommet seront dirig\u00e9s par Emmerson [&hellip;]<\/p>\n","protected":false},"author":1,"featured_media":70971,"comment_status":"closed","ping_status":"closed","sticky":false,"template":"","format":"standard","meta":{"footnotes":""},"categories":[136,27,134,130,5],"tags":[],"class_list":["post-70970","post","type-post","status-publish","format-standard","has-post-thumbnail","hentry","category-a-la-une","category-internationale","category-la-tempete-des-tropiques","category-nation","category-politique"],"_links":{"self":[{"href":"https:\/\/www.latempete.info\/index.php?rest_route=\/wp\/v2\/posts\/70970"}],"collection":[{"href":"https:\/\/www.latempete.info\/index.php?rest_route=\/wp\/v2\/posts"}],"about":[{"href":"https:\/\/www.latempete.info\/index.php?rest_route=\/wp\/v2\/types\/post"}],"author":[{"embeddable":true,"href":"https:\/\/www.latempete.info\/index.php?rest_route=\/wp\/v2\/users\/1"}],"replies":[{"embeddable":true,"href":"https:\/\/www.latempete.info\/index.php?rest_route=%2Fwp%2Fv2%2Fcomments&post=70970"}],"version-history":[{"count":1,"href":"https:\/\/www.latempete.info\/index.php?rest_route=\/wp\/v2\/posts\/70970\/revisions"}],"predecessor-version":[{"id":70972,"href":"https:\/\/www.latempete.info\/index.php?rest_route=\/wp\/v2\/posts\/70970\/revisions\/70972"}],"wp:featuredmedia":[{"embeddable":true,"href":"https:\/\/www.latempete.info\/index.php?rest_route=\/wp\/v2\/media\/70971"}],"wp:attachment":[{"href":"https:\/\/www.latempete.info\/index.php?rest_route=%2Fwp%2Fv2%2Fmedia&parent=70970"}],"wp:term":[{"taxonomy":"category","embeddable":true,"href":"https:\/\/www.latempete.info\/index.php?rest_route=%2Fwp%2Fv2%2Fcategories&post=70970"},{"taxonomy":"post_tag","embeddable":true,"href":"https:\/\/www.latempete.info\/index.php?rest_route=%2Fwp%2Fv2%2Ftags&post=70970"}],"curies":[{"name":"wp","href":"https:\/\/api.w.org\/{rel}","templated":true}]}}