{"id":71195,"date":"2025-03-26T19:43:30","date_gmt":"2025-03-26T19:43:30","guid":{"rendered":"https:\/\/www.latempete.info\/?p=71195"},"modified":"2025-03-26T20:11:38","modified_gmt":"2025-03-26T20:11:38","slug":"lutte-contre-la-tuberculose-un-depistage-volontaire-prevu-ce-mercredi-a-kinshasa","status":"publish","type":"post","link":"https:\/\/www.latempete.info\/?p=71195","title":{"rendered":"Lutte contre la tuberculose\u00a0: un d\u00e9pistage volontaire pr\u00e9vu ce mercredi \u00e0 Kinshasa"},"content":{"rendered":"\n<p>Par Marcel Tshishiku<\/p>\n\n\n\n<p>Le Programme National de Lutte contre la Tuberculose (PNLT) organise, ce mercredi 26 mars, dans la ville de Kinshasa, au Camp Kokolo, un d\u00e9pistage volontaire. Il s\u2019inscrit dans le cadre des activit\u00e9s comm\u00e9moratives de la Journ\u00e9e mondiale consacr\u00e9e \u00e0 cette end\u00e9mie.<\/p>\n\n\n\n<p>La nouvelle a \u00e9t\u00e9 confirm\u00e9e lundi dernier, lors de la c\u00e9r\u00e9monie officielle de lancement desdites activit\u00e9s, organis\u00e9e par le PNLT dans l\u2019enceinte de l\u2019Institut national de pilotage d\u2019enseignement des sciences de la sant\u00e9 (INPESS), dans la commune de Kasa-Vubu.<\/p>\n\n\n\n<p>Le mot de remerciement et de bienvenue \u00e0 cette c\u00e9r\u00e9monie a \u00e9t\u00e9 prononc\u00e9 par le directeur g\u00e9n\u00e9ral du PNLT, le Dr Jean-Pierre Malemba Tshibuyi, qui a exprim\u00e9 toute sa gratitude au Pr\u00e9sident de la R\u00e9publique, F\u00e9lix-Antoine Tshisekedi Tshilombo, Chef de l\u2019\u00c9tat, pour avoir pris l\u2019engagement de garantir plus d\u2019acc\u00e8s aux services de base \u00e0 la population congolaise.<\/p>\n\n\n\n<p>Pour sa part, le secr\u00e9taire g\u00e9n\u00e9ral \u00e0 la Pr\u00e9voyance sociale, le Dr Emmanuel Lukombe, a prononc\u00e9 le discours de lancement des activit\u00e9s au nom du ministre de la Sant\u00e9 publique, pr\u00e9vention et hygi\u00e8ne, emp\u00each\u00e9. Il a d\u00e9clar\u00e9 que la Journ\u00e9e mondiale de lutte contre la tuberculose c\u00e9l\u00e9br\u00e9e le 24 mars chaque ann\u00e9e est une occasion de sensibiliser le monde entier, en g\u00e9n\u00e9ral, et la population congolaise, en particulier, en faisant le point sur les efforts de pr\u00e9vention, de diagnostic et de traitement.<\/p>\n\n\n\n<p>Mobilisation d\u2019un engagement politique fort<\/p>\n\n\n\n<p>\u00ab\u00a0C\u2019est aussi un moment cl\u00e9 de mobiliser un engagement politique fort, afin d\u2019\u00e9liminer la tuberculose dans notre pays. Pour cette ann\u00e9e, le th\u00e8me mondial retenu est\u00a0: oui, nous pouvons mettre fin \u00e0 la tuberculose-s\u2019engager, investir et agir\u00a0\u00bb, a indiqu\u00e9 le secr\u00e9taire g\u00e9n\u00e9ral. Selon le chef de l\u2019administrateur du secteur de la sant\u00e9, ce th\u00e8me met en exergue l\u2019importance d\u2019un engagement durable, d\u2019un investissement financier cons\u00e9quent et d\u2019une mise en \u0153uvre efficace des interventions essentielles \u00e0 la pr\u00e9vention, au diagnostic et au traitement de la tuberculose\u2026<\/p>\n\n\n\n<p>Devant plusieurs personnalit\u00e9s qui ont bien voulu rehauss\u00e9 de leur pr\u00e9sence cette c\u00e9r\u00e9monie haute en couleurs, les d\u00e9l\u00e9gu\u00e9s d\u2019autres organisations ont \u00e9galement prononc\u00e9 leurs mots de circonstance. C\u2019est le cas de l\u2019Organisation mondiale de la sant\u00e9, de la soci\u00e9t\u00e9 civile congolaise\u2026 Ces expos\u00e9s ont \u00e9t\u00e9 suivis de la visite des stands et des unit\u00e9s mobiles r\u00e9cemment acquises par le PNLT.<\/p>\n","protected":false},"excerpt":{"rendered":"<p>Par Marcel Tshishiku Le Programme National de Lutte contre la Tuberculose (PNLT) organise, ce mercredi 26 mars, dans la ville de Kinshasa, au Camp Kokolo, un d\u00e9pistage volontaire. Il s\u2019inscrit dans le cadre des activit\u00e9s comm\u00e9moratives de la Journ\u00e9e mondiale consacr\u00e9e \u00e0 cette end\u00e9mie. La nouvelle a \u00e9t\u00e9 confirm\u00e9e lundi dernier, lors de la c\u00e9r\u00e9monie [&hellip;]<\/p>\n","protected":false},"author":1,"featured_media":71196,"comment_status":"closed","ping_status":"closed","sticky":false,"template":"","format":"standard","meta":{"footnotes":""},"categories":[134,25,10],"tags":[],"class_list":["post-71195","post","type-post","status-publish","format-standard","has-post-thumbnail","hentry","category-la-tempete-des-tropiques","category-province","category-societe"],"_links":{"self":[{"href":"https:\/\/www.latempete.info\/index.php?rest_route=\/wp\/v2\/posts\/71195"}],"collection":[{"href":"https:\/\/www.latempete.info\/index.php?rest_route=\/wp\/v2\/posts"}],"about":[{"href":"https:\/\/www.latempete.info\/index.php?rest_route=\/wp\/v2\/types\/post"}],"author":[{"embeddable":true,"href":"https:\/\/www.latempete.info\/index.php?rest_route=\/wp\/v2\/users\/1"}],"replies":[{"embeddable":true,"href":"https:\/\/www.latempete.info\/index.php?rest_route=%2Fwp%2Fv2%2Fcomments&post=71195"}],"version-history":[{"count":1,"href":"https:\/\/www.latempete.info\/index.php?rest_route=\/wp\/v2\/posts\/71195\/revisions"}],"predecessor-version":[{"id":71197,"href":"https:\/\/www.latempete.info\/index.php?rest_route=\/wp\/v2\/posts\/71195\/revisions\/71197"}],"wp:featuredmedia":[{"embeddable":true,"href":"https:\/\/www.latempete.info\/index.php?rest_route=\/wp\/v2\/media\/71196"}],"wp:attachment":[{"href":"https:\/\/www.latempete.info\/index.php?rest_route=%2Fwp%2Fv2%2Fmedia&parent=71195"}],"wp:term":[{"taxonomy":"category","embeddable":true,"href":"https:\/\/www.latempete.info\/index.php?rest_route=%2Fwp%2Fv2%2Fcategories&post=71195"},{"taxonomy":"post_tag","embeddable":true,"href":"https:\/\/www.latempete.info\/index.php?rest_route=%2Fwp%2Fv2%2Ftags&post=71195"}],"curies":[{"name":"wp","href":"https:\/\/api.w.org\/{rel}","templated":true}]}}