{"id":71362,"date":"2025-04-09T20:02:19","date_gmt":"2025-04-09T20:02:19","guid":{"rendered":"https:\/\/www.latempete.info\/?p=71362"},"modified":"2025-04-10T20:03:25","modified_gmt":"2025-04-10T20:03:25","slug":"le-concert-solidarite-congo-officiellement-reprogramme-au-22-avril-a-laccor-arena-de-paris","status":"publish","type":"post","link":"https:\/\/www.latempete.info\/?p=71362","title":{"rendered":"Le concert \u00ab\u00a0Solidarit\u00e9 Congo\u00a0\u00bb officiellement reprogramm\u00e9 au 22 avril \u00e0 l\u2019Accor Arena de Paris"},"content":{"rendered":"\n<p>Par YHR<\/p>\n\n\n\n<p>Le concert \u00ab\u00a0Solidarit\u00e9 Congo\u00a0\u00bb a officiellement \u00e9t\u00e9 reprogramm\u00e9 au mardi 22 avril 2025, toujours \u00e0 l\u2019Accor Arena de Paris. L\u2019\u00e9v\u00e9nement, initialement pr\u00e9vu pour le lundi 7 avril, avait \u00e9t\u00e9 suspendu \u00e0 la suite d\u2019une d\u00e9cision du pr\u00e9fet de police de Paris, Laurent Nu\u00f1ez, motiv\u00e9e par des pr\u00e9occupations s\u00e9curitaires. Il s\u2019agit d\u2019un rendez-vous plac\u00e9 sous le signe de la solidarit\u00e9, en soutien aux enfants victimes du conflit dans l\u2019Est de la R\u00e9publique D\u00e9mocratique du Congo.<\/p>\n\n\n\n<p>Des stars rd congolaises ou d\u2019origine rd congolaises, mais aussi d\u2019autres pays<\/p>\n\n\n\n<p>Sur sc\u00e8ne, des stars rd congolaises ou d\u2019origine rd congolaises comme Gims, Dadju, Youssoupha, Theodora , Guy2Bezbar et Fally Ipupa, mais aussi d\u2019autres pays comme Ang\u00e9lique Kidjo, Gazo, Soolking et bien d\u2019autres. Ensemble, ils veulent unir leurs voix pour d\u00e9noncer les violences arm\u00e9es qui endeuillent l\u2019Est congolais et porter un message de paix et d\u2019unit\u00e9.<\/p>\n\n\n\n<p>Il faut savoir que la maire de Paris, Anne Hidalgo, avait sollicit\u00e9 l\u2019interdiction pure et simple du concert, craignant des d\u00e9bordements. Un avis suivi par la pr\u00e9fecture de police, qui avait finalement recommand\u00e9 son ajournement. Kinshasa, par la voix de son Gouvernement, a d\u00e9nonc\u00e9 des \u00ab\u00a0manigances\u00a0\u00bb attribu\u00e9es \u00e0 Kigali, visant \u00e0 \u00e9touffer une mobilisation pacifique et humanitaire.<\/p>\n\n\n\n<p>Les fonds r\u00e9colt\u00e9s revers\u00e9s \u00e0 des associations humanitaires \u0153uvrant dans les zones affect\u00e9es<\/p>\n\n\n\n<p>Les fonds r\u00e9colt\u00e9s seront revers\u00e9s \u00e0 des associations humanitaires \u0153uvrant dans les zones affect\u00e9es. La billetterie reste ouverte et les billets d\u00e9j\u00e0 achet\u00e9s pour le 7 avril seront valables pour la nouvelle date. Les organisateurs appellent le public \u00e0 maintenir sa mobilisation pour le 22 avril.<\/p>\n","protected":false},"excerpt":{"rendered":"<p>Par YHR Le concert \u00ab\u00a0Solidarit\u00e9 Congo\u00a0\u00bb a officiellement \u00e9t\u00e9 reprogramm\u00e9 au mardi 22 avril 2025, toujours \u00e0 l\u2019Accor Arena de Paris. L\u2019\u00e9v\u00e9nement, initialement pr\u00e9vu pour le lundi 7 avril, avait \u00e9t\u00e9 suspendu \u00e0 la suite d\u2019une d\u00e9cision du pr\u00e9fet de police de Paris, Laurent Nu\u00f1ez, motiv\u00e9e par des pr\u00e9occupations s\u00e9curitaires. Il s\u2019agit d\u2019un rendez-vous plac\u00e9 [&hellip;]<\/p>\n","protected":false},"author":1,"featured_media":0,"comment_status":"closed","ping_status":"closed","sticky":false,"template":"","format":"standard","meta":{"footnotes":""},"categories":[136,8,134,29],"tags":[],"class_list":["post-71362","post","type-post","status-publish","format-standard","hentry","category-a-la-une","category-culture-media","category-la-tempete-des-tropiques","category-musique"],"_links":{"self":[{"href":"https:\/\/www.latempete.info\/index.php?rest_route=\/wp\/v2\/posts\/71362"}],"collection":[{"href":"https:\/\/www.latempete.info\/index.php?rest_route=\/wp\/v2\/posts"}],"about":[{"href":"https:\/\/www.latempete.info\/index.php?rest_route=\/wp\/v2\/types\/post"}],"author":[{"embeddable":true,"href":"https:\/\/www.latempete.info\/index.php?rest_route=\/wp\/v2\/users\/1"}],"replies":[{"embeddable":true,"href":"https:\/\/www.latempete.info\/index.php?rest_route=%2Fwp%2Fv2%2Fcomments&post=71362"}],"version-history":[{"count":1,"href":"https:\/\/www.latempete.info\/index.php?rest_route=\/wp\/v2\/posts\/71362\/revisions"}],"predecessor-version":[{"id":71363,"href":"https:\/\/www.latempete.info\/index.php?rest_route=\/wp\/v2\/posts\/71362\/revisions\/71363"}],"wp:attachment":[{"href":"https:\/\/www.latempete.info\/index.php?rest_route=%2Fwp%2Fv2%2Fmedia&parent=71362"}],"wp:term":[{"taxonomy":"category","embeddable":true,"href":"https:\/\/www.latempete.info\/index.php?rest_route=%2Fwp%2Fv2%2Fcategories&post=71362"},{"taxonomy":"post_tag","embeddable":true,"href":"https:\/\/www.latempete.info\/index.php?rest_route=%2Fwp%2Fv2%2Ftags&post=71362"}],"curies":[{"name":"wp","href":"https:\/\/api.w.org\/{rel}","templated":true}]}}