{"id":71449,"date":"2025-04-16T17:16:56","date_gmt":"2025-04-16T17:16:56","guid":{"rendered":"https:\/\/www.latempete.info\/?p=71449"},"modified":"2025-04-16T17:16:59","modified_gmt":"2025-04-16T17:16:59","slug":"zone-de-libre-echange-continental-africain-felix-tshisekedi-appelle-les-pays-membres-a-lunite","status":"publish","type":"post","link":"https:\/\/www.latempete.info\/?p=71449","title":{"rendered":"Zone de libre-\u00e9change continental africain : F\u00e9lix Tshisekedi appelle les pays membres \u00e0 l&rsquo;unit\u00e9"},"content":{"rendered":"\n<p>Par Carroll Madiya<\/p>\n\n\n\n<p>Le Pr\u00e9sident F\u00e9lix-Antoine Tshisekedi a invit\u00e9 les nations africaines \u00e0 l&rsquo;unit\u00e9 pour assurer le succ\u00e8s de la Zone de libre-\u00e9change continentale africaine (ZLECAF). Le Chef de l&rsquo;Etat congolais s&rsquo;est exprim\u00e9 hier mardi 15 avril 2025, lors de la 19\u1d49 r\u00e9union du Conseil des ministres du Commerce de la ZLECAF, tenue \u00e0 Kinshasa.<br>Selon lui, cette initiative est essentielle pour stimuler la croissance \u00e9conomique du continent et offrir davantage d&rsquo;opportunit\u00e9s d&#8217;emploi aux jeunes Africains. La ZLECAF repr\u00e9sente bien plus qu&rsquo;un simple accord commercial, car elle constitue une opportunit\u00e9 \u00e9conomique historique pour concr\u00e9tiser la vision du d\u00e9veloppement africain.<\/p>\n\n\n\n<p>\u00a0\u00bb En unissant 54 nations autour d&rsquo;un march\u00e9 commun pour les biens et services, en facilitant la libre circulation des personnes et des capitaux, et en posant les bases d&rsquo;une union douani\u00e8re, la ZLECAF nous offre une plateforme unique pour transcender nos fronti\u00e8res et lib\u00e9rer le potentiel \u00e9conomique de notre continent. Ce n&rsquo;est pas seulement une initiative \u00e9conomique, c&rsquo;est l&rsquo;un des piliers de l&rsquo;agenda 2063 de l&rsquo;Union africaine &#8211; cette vision ambitieuse d&rsquo;une Afrique int\u00e9gr\u00e9e, o\u00f9 le commerce intrafricain, qui repr\u00e9sente actuellement moins de 20 % de nos \u00e9changes, devient un moteur essentiel de notre croissance \u00ab\u00a0, a d\u00e9clar\u00e9 le Chef de l&rsquo;Etat qui a \u00e9galement soulign\u00e9 que la RDC dispose d&rsquo;un potentiel consid\u00e9rable pour devenir un acteur majeur du commerce continental, gr\u00e2ce \u00e0 ses richesses naturelles.<br>\u00a0\u00bb Les b\u00e9n\u00e9fices pour notre pays sont multiples : diversification acc\u00e9l\u00e9r\u00e9e de notre \u00e9conomie, valorisation de nos avantages comparatifs, acc\u00e8s \u00e9largi aux march\u00e9s r\u00e9gionaux, r\u00e9duction des vuln\u00e9rabilit\u00e9s \u00e9conomiques et renforcement de notre r\u00e9silience. Je lance un appel solennel \u00e0 tous les pays africains : unissons nos forces pour faire de la ZLECAF un succ\u00e8s. Investissons dans les infrastructures transfrontali\u00e8res, harmonisons nos r\u00e9glementations et soutenons nos entreprises afin qu&rsquo;elles puissent conqu\u00e9rir le march\u00e9 continental \u00ab\u00a0, a-t-il soulign\u00e9.<\/p>\n\n\n\n<p>Une RDC redevenue fr\u00e9quentable<\/p>\n\n\n\n<p>A en croire Julien Paluku, ministre congolais du Commerce ext\u00e9rieur, la tenue de ces assises \u00e0 Kinshasa prouve que son pays est fr\u00e9quentable et cela doit constituer un signal fort pour \u00a0\u00bb les agresseurs \u00a0\u00bb de la RDC.<\/p>\n\n\n\n<p>\u00a0\u00bb La RDC, avec l&rsquo;av\u00e8nement de ses Zones \u00e9conomiques sp\u00e9ciales, veut prendre part active dans la ZLECAF avec plus des produits \u00e0 exporter made in DRC \u00ab\u00a0, souligne-t-il.<\/p>\n\n\n\n<p>Selon la m\u00eame source, les pays membres vont accro\u00eetre le commerce intra-africain avec la libre circulation des personnes, des biens, des services et des capitaux au cours de cette rencontre.<\/p>\n\n\n\n<p>Cette 16e \u00e9dition avait \u00e9t\u00e9 pr\u00e9c\u00e9d\u00e9e par des r\u00e9unions techniques des experts des 54 pays membres de la ZLECAF.<\/p>\n","protected":false},"excerpt":{"rendered":"<p>Par Carroll Madiya Le Pr\u00e9sident F\u00e9lix-Antoine Tshisekedi a invit\u00e9 les nations africaines \u00e0 l&rsquo;unit\u00e9 pour assurer le succ\u00e8s de la Zone de libre-\u00e9change continentale africaine (ZLECAF). Le Chef de l&rsquo;Etat congolais s&rsquo;est exprim\u00e9 hier mardi 15 avril 2025, lors de la 19\u1d49 r\u00e9union du Conseil des ministres du Commerce de la ZLECAF, tenue \u00e0 Kinshasa.Selon [&hellip;]<\/p>\n","protected":false},"author":1,"featured_media":71450,"comment_status":"closed","ping_status":"closed","sticky":false,"template":"","format":"standard","meta":{"footnotes":""},"categories":[136,41,7,39,134,40],"tags":[],"class_list":["post-71449","post","type-post","status-publish","format-standard","has-post-thumbnail","hentry","category-a-la-une","category-commerce","category-economie","category-investissement","category-la-tempete-des-tropiques","category-marche"],"_links":{"self":[{"href":"https:\/\/www.latempete.info\/index.php?rest_route=\/wp\/v2\/posts\/71449"}],"collection":[{"href":"https:\/\/www.latempete.info\/index.php?rest_route=\/wp\/v2\/posts"}],"about":[{"href":"https:\/\/www.latempete.info\/index.php?rest_route=\/wp\/v2\/types\/post"}],"author":[{"embeddable":true,"href":"https:\/\/www.latempete.info\/index.php?rest_route=\/wp\/v2\/users\/1"}],"replies":[{"embeddable":true,"href":"https:\/\/www.latempete.info\/index.php?rest_route=%2Fwp%2Fv2%2Fcomments&post=71449"}],"version-history":[{"count":1,"href":"https:\/\/www.latempete.info\/index.php?rest_route=\/wp\/v2\/posts\/71449\/revisions"}],"predecessor-version":[{"id":71451,"href":"https:\/\/www.latempete.info\/index.php?rest_route=\/wp\/v2\/posts\/71449\/revisions\/71451"}],"wp:featuredmedia":[{"embeddable":true,"href":"https:\/\/www.latempete.info\/index.php?rest_route=\/wp\/v2\/media\/71450"}],"wp:attachment":[{"href":"https:\/\/www.latempete.info\/index.php?rest_route=%2Fwp%2Fv2%2Fmedia&parent=71449"}],"wp:term":[{"taxonomy":"category","embeddable":true,"href":"https:\/\/www.latempete.info\/index.php?rest_route=%2Fwp%2Fv2%2Fcategories&post=71449"},{"taxonomy":"post_tag","embeddable":true,"href":"https:\/\/www.latempete.info\/index.php?rest_route=%2Fwp%2Fv2%2Ftags&post=71449"}],"curies":[{"name":"wp","href":"https:\/\/api.w.org\/{rel}","templated":true}]}}