{"id":71457,"date":"2025-04-16T17:49:01","date_gmt":"2025-04-16T17:49:01","guid":{"rendered":"https:\/\/www.latempete.info\/?p=71457"},"modified":"2025-04-16T17:49:02","modified_gmt":"2025-04-16T17:49:02","slug":"world-press-photo-2025-aubin-mukoni-distingue-pour-sa-serie-le-lac-est-devenu-silencieux","status":"publish","type":"post","link":"https:\/\/www.latempete.info\/?p=71457","title":{"rendered":"World Press Photo 2025 : Aubin Mukoni distingu\u00e9 pour sa s\u00e9rie \u00ab\u00a0Le lac est devenu silencieux\u00a0\u00bb"},"content":{"rendered":"\n<p>Par YHR<\/p>\n\n\n\n<p>Aubin Mukoni a re\u00e7u le prix \u00a0\u00bb World Press Photo 2025 \u00ab\u00a0, dans la cat\u00e9gorie \u00a0\u00bb Histoires d&rsquo;Afrique \u00ab\u00a0, pour sa s\u00e9rie photographique intitul\u00e9e : \u00a0\u00bb Le lac est devenu silencieux \u00ab\u00a0.\u00a0\u00bb Je ressens une immense gratitude et une profonde fiert\u00e9. Ce prix est une reconnaissance non seulement de mon travail, mais aussi des histoires que je cherche \u00e0 raconter \u00e0 travers mes photographies. C&rsquo;est un moment de validation et d&rsquo;encouragement pour continuer \u00e0 utiliser l&rsquo;art comme un outil de sensibilisation et de changement \u00ab\u00a0,a expliqu\u00e9 Mukoni.Et de rench\u00e9rir :\u00a0\u00bb Ce prix repr\u00e9sente bien plus qu&rsquo;une r\u00e9compense. Il symbolise l&rsquo;importance de mettre en lumi\u00e8re les r\u00e9alit\u00e9s souvent ignor\u00e9es de ma r\u00e9gion, de mon pays, et de notre plan\u00e8te. C&rsquo;est une plateforme pour amplifier les voix des communaut\u00e9s que je photographie et pour attirer l&rsquo;attention sur les d\u00e9fis environnementaux et sociaux auxquels elles sont confront\u00e9es \u00ab\u00a0.<\/p>\n\n\n\n<p>Mettre en lumi\u00e8re les r\u00e9alit\u00e9s souvent ignor\u00e9es de la r\u00e9gion des Grands Lacs<\/p>\n\n\n\n<p>\u00a0\u00bb Cette s\u00e9rie explore les tensions environnementales autour du lac Kivu. Elle met en lumi\u00e8re la d\u00e9pendance \u00e9conomique des communaut\u00e9s locales vis-\u00e0-vis du lac, tout en soulignant les menaces pos\u00e9es par le changement climatique, la pollution et l&rsquo;exploitation des ressources naturelles \u00ab\u00a0.<\/p>\n\n\n\n<p>Le travail de Mukoni se d\u00e9marque par sa facult\u00e9 \u00e0 traduire des r\u00e9alit\u00e9s complexes en images. Sa s\u00e9rie \u00a0\u00bb Le lac est devenu silencieux \u00a0\u00bb plonge au c\u0153ur des enjeux environnementaux et g\u00e9opolitiques de l&rsquo;Est de la R\u00e9publique D\u00e9mocratique du Congo, avec les agressions r\u00e9p\u00e9t\u00e9es du Rwanda contre la RD Congo. Il r\u00e9ussit toutefois \u00e0 capturer les d\u00e9fis quotidiens des communaut\u00e9s vivant autour du lacKivu.<\/p>\n\n\n\n<p>A peine 25 ans et d\u00e9j\u00e0 une longue carri\u00e8re<\/p>\n\n\n\n<p>N\u00e9 en 2000 \u00e0 Goma, Aubin Mukoni a grandi au c\u0153ur d&rsquo;une r\u00e9gion d\u00e9vast\u00e9e divers conflits. Sa carri\u00e8re de photographe et vid\u00e9aste a d\u00e9marr\u00e9 tr\u00e8s jeune. Il est rapidement devenu l&rsquo;un des acteurs les plus en vue de la sc\u00e8ne photographique en Afrique. Gr\u00e2ce \u00e0 ses collaborations avec des organisations internationales et des agences de presse renomm\u00e9es, le jeune homme a couvert des \u00e9v\u00e9nements marquants, comme la guerre en RDC et ses nombreuses r\u00e9percussions sur les populations locales.<\/p>\n","protected":false},"excerpt":{"rendered":"<p>Par YHR Aubin Mukoni a re\u00e7u le prix \u00a0\u00bb World Press Photo 2025 \u00ab\u00a0, dans la cat\u00e9gorie \u00a0\u00bb Histoires d&rsquo;Afrique \u00ab\u00a0, pour sa s\u00e9rie photographique intitul\u00e9e : \u00a0\u00bb Le lac est devenu silencieux \u00ab\u00a0.\u00a0\u00bb Je ressens une immense gratitude et une profonde fiert\u00e9. Ce prix est une reconnaissance non seulement de mon travail, mais aussi [&hellip;]<\/p>\n","protected":false},"author":1,"featured_media":0,"comment_status":"closed","ping_status":"closed","sticky":false,"template":"","format":"standard","meta":{"footnotes":""},"categories":[8,125,134],"tags":[],"class_list":["post-71457","post","type-post","status-publish","format-standard","hentry","category-culture-media","category-expo","category-la-tempete-des-tropiques"],"_links":{"self":[{"href":"https:\/\/www.latempete.info\/index.php?rest_route=\/wp\/v2\/posts\/71457"}],"collection":[{"href":"https:\/\/www.latempete.info\/index.php?rest_route=\/wp\/v2\/posts"}],"about":[{"href":"https:\/\/www.latempete.info\/index.php?rest_route=\/wp\/v2\/types\/post"}],"author":[{"embeddable":true,"href":"https:\/\/www.latempete.info\/index.php?rest_route=\/wp\/v2\/users\/1"}],"replies":[{"embeddable":true,"href":"https:\/\/www.latempete.info\/index.php?rest_route=%2Fwp%2Fv2%2Fcomments&post=71457"}],"version-history":[{"count":1,"href":"https:\/\/www.latempete.info\/index.php?rest_route=\/wp\/v2\/posts\/71457\/revisions"}],"predecessor-version":[{"id":71458,"href":"https:\/\/www.latempete.info\/index.php?rest_route=\/wp\/v2\/posts\/71457\/revisions\/71458"}],"wp:attachment":[{"href":"https:\/\/www.latempete.info\/index.php?rest_route=%2Fwp%2Fv2%2Fmedia&parent=71457"}],"wp:term":[{"taxonomy":"category","embeddable":true,"href":"https:\/\/www.latempete.info\/index.php?rest_route=%2Fwp%2Fv2%2Fcategories&post=71457"},{"taxonomy":"post_tag","embeddable":true,"href":"https:\/\/www.latempete.info\/index.php?rest_route=%2Fwp%2Fv2%2Ftags&post=71457"}],"curies":[{"name":"wp","href":"https:\/\/api.w.org\/{rel}","templated":true}]}}