{"id":71459,"date":"2025-04-16T17:51:37","date_gmt":"2025-04-16T17:51:37","guid":{"rendered":"https:\/\/www.latempete.info\/?p=71459"},"modified":"2025-04-16T17:51:38","modified_gmt":"2025-04-16T17:51:38","slug":"le-18-avril-a-lacademie-des-beaux-arts-de-kinshasa-le-poete-youssef-branh-et-le-groupe-yotsi-en-concert","status":"publish","type":"post","link":"https:\/\/www.latempete.info\/?p=71459","title":{"rendered":"Le 18 avril \u00e0 l&rsquo;Acad\u00e9mie des Beaux-Arts de Kinshasa : le po\u00e8te Youssef Branh et le groupe Yotsi en concert"},"content":{"rendered":"\n<p>Par YHR<\/p>\n\n\n\n<p>Le vendredi 18 avril prochain \u00e0 l&rsquo;Acad\u00e9mie des Beaux-Arts de Kinshasa, le public est attendu pour \u00e9couter et regarder la production du slameur Youssef Branh et du groupe musical Yotsi. Il s&rsquo;agira pour les gens de d\u00e9couvrir la fusion de la po\u00e9sie et de la musique.\u00a0\u00bb<\/p>\n\n\n\n<p>Ce n&rsquo;est pas un concert de slam, mais un concert po\u00e9tique. Le concert se basera sur un seul texte, mais un texte fleuve. C&rsquo;est aussi un moyen pour nous de soutenir les fr\u00e8res qui souffrent des massacres et de l&rsquo;injustice \u00e0 l&rsquo;Est du pays.<\/p>\n\n\n\n<p>C&rsquo;est une sorte de concert de solidarit\u00e9, bien que cela ne soit pas mis en avant. Le texte en dira plus \u00ab\u00a0, a d\u00e9j\u00e0 pr\u00e9venu Youssef Branh.Aux c\u00f4t\u00e9s de Youssef Branh, le groupe Yotsi, form\u00e9 par Linda, Tychick, Leah et Jepht\u00e9, apportera la cot\u00e9 musical.<\/p>\n\n\n\n<p>\u00ab\u00a0No borders\u00a0\u00bb<\/p>\n\n\n\n<p>Yotsi(\u00c9toile en Kimongo) commenc\u00e9 dans les \u00e9glises de Kinshasa,s&rsquo;impr\u00e9gnant des rythmes traditionnels lors des f\u00eates familiales, puis, comme toute leur g\u00e9n\u00e9ration, ont d\u00e9couvert les musiques du monde via les plateformes num\u00e9riques.<\/p>\n\n\n\n<p>Leur force cr\u00e9atrice r\u00e9side dans ce magma musical, qui a forg\u00e9 leur devise : \u00a0\u00bb No borders \u00a0\u00bb (Pas de fronti\u00e8res).<\/p>\n\n\n\n<p>En 2019, une rencontre d\u00e9terminante va transformer leur r\u00eave en r\u00e9alit\u00e9. Eric MaluMalu, directeur du centre musical Kinarmonik, va faire \u00e9merger leur identit\u00e9 musicale, en les formant \u00e0 la composition et \u00e0 l&rsquo;\u00e9criture, avant de devenir directeur artistique et producteur de leur premier album, intitul\u00e9 \u00a0\u00bb Maisha \u00ab\u00a0.<\/p>\n","protected":false},"excerpt":{"rendered":"<p>Par YHR Le vendredi 18 avril prochain \u00e0 l&rsquo;Acad\u00e9mie des Beaux-Arts de Kinshasa, le public est attendu pour \u00e9couter et regarder la production du slameur Youssef Branh et du groupe musical Yotsi. Il s&rsquo;agira pour les gens de d\u00e9couvrir la fusion de la po\u00e9sie et de la musique.\u00a0\u00bb Ce n&rsquo;est pas un concert de slam, [&hellip;]<\/p>\n","protected":false},"author":1,"featured_media":0,"comment_status":"closed","ping_status":"closed","sticky":false,"template":"","format":"standard","meta":{"footnotes":""},"categories":[8,127,125,134,128],"tags":[],"class_list":["post-71459","post","type-post","status-publish","format-standard","hentry","category-culture-media","category-evenements","category-expo","category-la-tempete-des-tropiques","category-litterature"],"_links":{"self":[{"href":"https:\/\/www.latempete.info\/index.php?rest_route=\/wp\/v2\/posts\/71459"}],"collection":[{"href":"https:\/\/www.latempete.info\/index.php?rest_route=\/wp\/v2\/posts"}],"about":[{"href":"https:\/\/www.latempete.info\/index.php?rest_route=\/wp\/v2\/types\/post"}],"author":[{"embeddable":true,"href":"https:\/\/www.latempete.info\/index.php?rest_route=\/wp\/v2\/users\/1"}],"replies":[{"embeddable":true,"href":"https:\/\/www.latempete.info\/index.php?rest_route=%2Fwp%2Fv2%2Fcomments&post=71459"}],"version-history":[{"count":1,"href":"https:\/\/www.latempete.info\/index.php?rest_route=\/wp\/v2\/posts\/71459\/revisions"}],"predecessor-version":[{"id":71460,"href":"https:\/\/www.latempete.info\/index.php?rest_route=\/wp\/v2\/posts\/71459\/revisions\/71460"}],"wp:attachment":[{"href":"https:\/\/www.latempete.info\/index.php?rest_route=%2Fwp%2Fv2%2Fmedia&parent=71459"}],"wp:term":[{"taxonomy":"category","embeddable":true,"href":"https:\/\/www.latempete.info\/index.php?rest_route=%2Fwp%2Fv2%2Fcategories&post=71459"},{"taxonomy":"post_tag","embeddable":true,"href":"https:\/\/www.latempete.info\/index.php?rest_route=%2Fwp%2Fv2%2Ftags&post=71459"}],"curies":[{"name":"wp","href":"https:\/\/api.w.org\/{rel}","templated":true}]}}