{"id":71557,"date":"2025-04-23T18:38:26","date_gmt":"2025-04-23T18:38:26","guid":{"rendered":"https:\/\/www.latempete.info\/?p=71557"},"modified":"2025-04-23T18:38:28","modified_gmt":"2025-04-23T18:38:28","slug":"patrick-muyaya-rend-hommage-a-un-allie-infatigable-de-la-rdc","status":"publish","type":"post","link":"https:\/\/www.latempete.info\/?p=71557","title":{"rendered":"Patrick Muyaya rend hommage \u00e0 un \u00ab\u00a0alli\u00e9 infatigable de la RDC\u00a0\u00bb"},"content":{"rendered":"\n<p>Par LM<\/p>\n\n\n\n<p>Des messages ont afflu\u00e9 de toutes parts suite au d\u00e9c\u00e8s du Souverain Pontife, survenu lundi 21 avril \u00e0 la Casa Santa Marta, sa r\u00e9sidence vaticane. Le porte-parole du Gouvernement, Patrick Muyaya Katembwe, a rendu un vibrant hommage au Pape Fran\u00e7ois, qu&rsquo;il a qualifi\u00e9 d'\u00a0\u00bb alli\u00e9 infatigable \u00a0\u00bb de la R\u00e9publique .<\/p>\n\n\n\n<p>D\u00e9mocratique du Congo. Patrick Muyaya a salu\u00e9 la visite historique du Souverain Pontife en RDC, qui s&rsquo;est d\u00e9roul\u00e9e du 31 janvier au 3 f\u00e9vrier 2023, soulignant l&rsquo;importance de cette initiative pour le pays. Selon lui, le Pape Fran\u00e7ois a constamment port\u00e9 la RDC dans ses pri\u00e8res, souhaitant ardemment le retour de la paix dans ce pays meurtri par les conflits.<\/p>\n\n\n\n<p>Le ministre a \u00e9galement rappel\u00e9 l&rsquo;engagement du Pape envers les plus vuln\u00e9rables et son r\u00f4le de fervent d\u00e9fenseur de la paix dans le monde. N\u00e9 en 1936, le pape argentin Fran\u00e7ois est d\u00e9c\u00e9d\u00e9 \u00e0 l&rsquo;\u00e2ge de 88 ans. Il avait \u00e9t\u00e9 \u00e9lu par le conclave le 13 mars 2013 pour remplacer le pape Beno\u00eet XVI qui avait abdiqu\u00e9.<\/p>\n","protected":false},"excerpt":{"rendered":"<p>Par LM Des messages ont afflu\u00e9 de toutes parts suite au d\u00e9c\u00e8s du Souverain Pontife, survenu lundi 21 avril \u00e0 la Casa Santa Marta, sa r\u00e9sidence vaticane. Le porte-parole du Gouvernement, Patrick Muyaya Katembwe, a rendu un vibrant hommage au Pape Fran\u00e7ois, qu&rsquo;il a qualifi\u00e9 d&rsquo;\u00a0\u00bb alli\u00e9 infatigable \u00a0\u00bb de la R\u00e9publique . D\u00e9mocratique du [&hellip;]<\/p>\n","protected":false},"author":1,"featured_media":0,"comment_status":"closed","ping_status":"closed","sticky":false,"template":"","format":"standard","meta":{"footnotes":""},"categories":[136,134,36,10],"tags":[],"class_list":["post-71557","post","type-post","status-publish","format-standard","hentry","category-a-la-une","category-la-tempete-des-tropiques","category-religion","category-societe"],"_links":{"self":[{"href":"https:\/\/www.latempete.info\/index.php?rest_route=\/wp\/v2\/posts\/71557"}],"collection":[{"href":"https:\/\/www.latempete.info\/index.php?rest_route=\/wp\/v2\/posts"}],"about":[{"href":"https:\/\/www.latempete.info\/index.php?rest_route=\/wp\/v2\/types\/post"}],"author":[{"embeddable":true,"href":"https:\/\/www.latempete.info\/index.php?rest_route=\/wp\/v2\/users\/1"}],"replies":[{"embeddable":true,"href":"https:\/\/www.latempete.info\/index.php?rest_route=%2Fwp%2Fv2%2Fcomments&post=71557"}],"version-history":[{"count":1,"href":"https:\/\/www.latempete.info\/index.php?rest_route=\/wp\/v2\/posts\/71557\/revisions"}],"predecessor-version":[{"id":71558,"href":"https:\/\/www.latempete.info\/index.php?rest_route=\/wp\/v2\/posts\/71557\/revisions\/71558"}],"wp:attachment":[{"href":"https:\/\/www.latempete.info\/index.php?rest_route=%2Fwp%2Fv2%2Fmedia&parent=71557"}],"wp:term":[{"taxonomy":"category","embeddable":true,"href":"https:\/\/www.latempete.info\/index.php?rest_route=%2Fwp%2Fv2%2Fcategories&post=71557"},{"taxonomy":"post_tag","embeddable":true,"href":"https:\/\/www.latempete.info\/index.php?rest_route=%2Fwp%2Fv2%2Ftags&post=71557"}],"curies":[{"name":"wp","href":"https:\/\/api.w.org\/{rel}","templated":true}]}}