{"id":72173,"date":"2025-06-19T08:07:50","date_gmt":"2025-06-19T08:07:50","guid":{"rendered":"https:\/\/www.latempete.info\/?p=72173"},"modified":"2025-06-20T08:09:40","modified_gmt":"2025-06-20T08:09:40","slug":"gratuite-de-la-maternite-le-ministre-de-la-sante-en-concertation-avec-ses-partenaires","status":"publish","type":"post","link":"https:\/\/www.latempete.info\/?p=72173","title":{"rendered":"Gratuit\u00e9 de la maternit\u00e9 : le Ministre de la Sant\u00e9 en concertation avec ses partenaires"},"content":{"rendered":"\n<p>Par Tantia Sakata<\/p>\n\n\n\n<p>Dans le cadre de l&rsquo;\u00e9valuation de la mise en \u0153uvre de la gratuit\u00e9 de la maternit\u00e9 et de la Couverture Sant\u00e9 Universelle (CSU), le Ministre de la Sant\u00e9 Publique, Hygi\u00e8ne et Pr\u00e9voyance Sociale, Dr Samuel Roger Kamba Mulamba , a tenu, le mercredi 18 juin, une r\u00e9union d&rsquo;harmonisation avec les responsables des structures sanitaires publiques et priv\u00e9es partenaires. Selon un communiqu\u00e9 de presse du Minist\u00e8re de la Sant\u00e9, cette rencontre a permis de clarifier les zones d&rsquo;ombre et d&rsquo;aligner les diff\u00e9rentes structures autour des objectifs communs. \u00a0\u00bb Depuis quelque temps, des divergences de compr\u00e9hension et des d\u00e9fis op\u00e9rationnels freinaient l&rsquo;\u00e9volution harmonieuse du partenariat entre l&rsquo;\u00c9tat et les structures de sant\u00e9 dans la mise en \u0153uvre de cette politique publique essentielle \u00ab\u00a0, a indiqu\u00e9 la source.<\/p>\n\n\n\n<p>Lors de cette r\u00e9union, toutes les parties prenantes ont \u00e9chang\u00e9 sur la question, tout en apportant un diagnostic collectif. Chaque \u00e9tablissement a pr\u00e9sent\u00e9 ses r\u00e9alit\u00e9s, ses r\u00e9ussites, mais surtout les difficult\u00e9s rencontr\u00e9es sur le terrain depuis le lancement du programme. Pour sa part, Dr Kamba, apr\u00e8s avoir \u00e9cout\u00e9 toutes les pr\u00e9occupations, a mis un accent particulier sur l&rsquo;importance de bien cerner les faiblesses pour mieux orienter les solutions.<\/p>\n\n\n\n<p>\u00c0 l&rsquo;issue de ces \u00e9changes, il a donn\u00e9 des orientations claires afin de renforcer l&rsquo;efficacit\u00e9 du programme, dans le respect du partenariat qui lie l&rsquo;\u00c9tat aux formations sanitaires. Le Ministre a \u00e9galement insist\u00e9 sur la n\u00e9cessit\u00e9 d&rsquo;un suivi r\u00e9gulier et a propos\u00e9 la tenue de rencontres trimestrielles d&rsquo;\u00e9valuation pour assurer une meilleure coordination et un pilotage r\u00e9actif des actions.<\/p>\n\n\n\n<p>Le ministre a aussi rappel\u00e9 aux prestataires de sant\u00e9 l&rsquo;essence m\u00eame de leur mission, consistant \u00e0 soigner avec humanit\u00e9, engagement et amour, car les b\u00e9n\u00e9ficiaires des soins ne sont autres que nos propres enfants, nos familles et nos communaut\u00e9s. Il a reconnu les difficult\u00e9s signal\u00e9es, tout en promettant des mesures correctives pour am\u00e9liorer l&rsquo;efficacit\u00e9 de la mise en \u0153uvre sur l&rsquo;ensemble du territoire. Il a invit\u00e9 les partenaires \u00e0 continuer \u00e0 travailler main dans la main, avec rigueur, transparence et esprit de service. Signalons que cette r\u00e9union intervient apr\u00e8s que quelques structures sanitaires impliqu\u00e9es dans le programme de gratuit\u00e9 de la maternit\u00e9 ont annonc\u00e9 leur d\u00e9sengagement.<\/p>\n","protected":false},"excerpt":{"rendered":"<p>Par Tantia Sakata Dans le cadre de l&rsquo;\u00e9valuation de la mise en \u0153uvre de la gratuit\u00e9 de la maternit\u00e9 et de la Couverture Sant\u00e9 Universelle (CSU), le Ministre de la Sant\u00e9 Publique, Hygi\u00e8ne et Pr\u00e9voyance Sociale, Dr Samuel Roger Kamba Mulamba , a tenu, le mercredi 18 juin, une r\u00e9union d&rsquo;harmonisation avec les responsables des [&hellip;]<\/p>\n","protected":false},"author":1,"featured_media":72174,"comment_status":"closed","ping_status":"closed","sticky":false,"template":"","format":"standard","meta":{"footnotes":""},"categories":[134,122,10],"tags":[],"class_list":["post-72173","post","type-post","status-publish","format-standard","has-post-thumbnail","hentry","category-la-tempete-des-tropiques","category-sante","category-societe"],"_links":{"self":[{"href":"https:\/\/www.latempete.info\/index.php?rest_route=\/wp\/v2\/posts\/72173"}],"collection":[{"href":"https:\/\/www.latempete.info\/index.php?rest_route=\/wp\/v2\/posts"}],"about":[{"href":"https:\/\/www.latempete.info\/index.php?rest_route=\/wp\/v2\/types\/post"}],"author":[{"embeddable":true,"href":"https:\/\/www.latempete.info\/index.php?rest_route=\/wp\/v2\/users\/1"}],"replies":[{"embeddable":true,"href":"https:\/\/www.latempete.info\/index.php?rest_route=%2Fwp%2Fv2%2Fcomments&post=72173"}],"version-history":[{"count":1,"href":"https:\/\/www.latempete.info\/index.php?rest_route=\/wp\/v2\/posts\/72173\/revisions"}],"predecessor-version":[{"id":72175,"href":"https:\/\/www.latempete.info\/index.php?rest_route=\/wp\/v2\/posts\/72173\/revisions\/72175"}],"wp:featuredmedia":[{"embeddable":true,"href":"https:\/\/www.latempete.info\/index.php?rest_route=\/wp\/v2\/media\/72174"}],"wp:attachment":[{"href":"https:\/\/www.latempete.info\/index.php?rest_route=%2Fwp%2Fv2%2Fmedia&parent=72173"}],"wp:term":[{"taxonomy":"category","embeddable":true,"href":"https:\/\/www.latempete.info\/index.php?rest_route=%2Fwp%2Fv2%2Fcategories&post=72173"},{"taxonomy":"post_tag","embeddable":true,"href":"https:\/\/www.latempete.info\/index.php?rest_route=%2Fwp%2Fv2%2Ftags&post=72173"}],"curies":[{"name":"wp","href":"https:\/\/api.w.org\/{rel}","templated":true}]}}