{"id":72208,"date":"2025-06-23T23:19:00","date_gmt":"2025-06-23T23:19:00","guid":{"rendered":"https:\/\/www.latempete.info\/?p=72208"},"modified":"2025-06-23T23:19:10","modified_gmt":"2025-06-23T23:19:10","slug":"boma-la-maire-claudelle-phemba-kiadi-rend-visite-aux-victimes-dun-incendie","status":"publish","type":"post","link":"https:\/\/www.latempete.info\/?p=72208","title":{"rendered":"Boma : la maire Claudelle Phemba Kiadi rend visite aux victimes d&rsquo;un incendie"},"content":{"rendered":"\n<p>Par Dieudonn\u00e9 Muaka Dimbi<\/p>\n\n\n\n<p>Un incendie s&rsquo;est d\u00e9clar\u00e9 le vendredi 20 juin 2025 dans le quartier \u00ab\u00a0FERME\u00a0\u00bb, situ\u00e9 dans la commune de Kabondo \u00e0 Boma, ville situ\u00e9e \u00e0 125 kms \u00e0 l&rsquo;Ouest de Matadi, chef-lieu de la province du Kongo Central.<\/p>\n\n\n\n<p>L&rsquo;incendie, dont l&rsquo;origine demeure inconnue \u00e0 ce jour, a ravag\u00e9 une maison d&rsquo;habitation, r\u00e9duisant ainsi tous les biens des occupants en cendres.<br>Le bilan provisoire fait \u00e9tat de cinq victimes, dont deux adultes et trois enfants. Toutes ces victimes portent des br\u00fblures graves. Heureusement, aucune perte en vie humaine n&rsquo;a \u00e9t\u00e9 d\u00e9plor\u00e9e. Inform\u00e9e au plus vite du drame, la maire int\u00e9rimaire de Boma, Me Claudelle Phemba Kiadi, s&rsquo;est imm\u00e9diatement rendue sur le lieu du drame. Tr\u00e8s \u00e9mue, elle a d&rsquo;abord adress\u00e9 des paroles de r\u00e9confort moral aux victimes, avant d&rsquo;envisager des mesures urgentes pour l&rsquo;assainissement du quartier.<\/p>\n\n\n\n<p>Dans la foul\u00e9e, l&rsquo;autorit\u00e9 urbaine s&rsquo;est rendue \u00e0 l&rsquo;H\u00f4pital G\u00e9n\u00e9ral de R\u00e9f\u00e9rence de Boma, o\u00f9 sont intern\u00e9s les cinq membres de la famille sinistr\u00e9e.<br>Agissant en v\u00e9ritable m\u00e8re de l&rsquo;entit\u00e9, Me Claudelle Phemba Kiadi a d\u00e9cid\u00e9, s\u00e9ance tenante, de prendre en charge l&rsquo;int\u00e9gralit\u00e9 des frais d&rsquo;hospitalisation. Une enveloppe contenant la somme n\u00e9cessaire a \u00e9t\u00e9 remise \u00e0 la famille pour garantir les soins m\u00e9dicaux.<\/p>\n\n\n\n<p>Malheureusement, nous apprenons en derni\u00e8re minute, des sources concordantes, le d\u00e9c\u00e8s, depuis la nuit du samedi 21 \u00e0 dimanche 22 juin 2025, d&rsquo;un des enfants intern\u00e9s de suite des br\u00fblures de premier degr\u00e9.<\/p>\n","protected":false},"excerpt":{"rendered":"<p>Par Dieudonn\u00e9 Muaka Dimbi Un incendie s&rsquo;est d\u00e9clar\u00e9 le vendredi 20 juin 2025 dans le quartier \u00ab\u00a0FERME\u00a0\u00bb, situ\u00e9 dans la commune de Kabondo \u00e0 Boma, ville situ\u00e9e \u00e0 125 kms \u00e0 l&rsquo;Ouest de Matadi, chef-lieu de la province du Kongo Central. L&rsquo;incendie, dont l&rsquo;origine demeure inconnue \u00e0 ce jour, a ravag\u00e9 une maison d&rsquo;habitation, r\u00e9duisant [&hellip;]<\/p>\n","protected":false},"author":1,"featured_media":0,"comment_status":"closed","ping_status":"closed","sticky":false,"template":"","format":"standard","meta":{"footnotes":""},"categories":[136,134,25,10],"tags":[],"class_list":["post-72208","post","type-post","status-publish","format-standard","hentry","category-a-la-une","category-la-tempete-des-tropiques","category-province","category-societe"],"_links":{"self":[{"href":"https:\/\/www.latempete.info\/index.php?rest_route=\/wp\/v2\/posts\/72208"}],"collection":[{"href":"https:\/\/www.latempete.info\/index.php?rest_route=\/wp\/v2\/posts"}],"about":[{"href":"https:\/\/www.latempete.info\/index.php?rest_route=\/wp\/v2\/types\/post"}],"author":[{"embeddable":true,"href":"https:\/\/www.latempete.info\/index.php?rest_route=\/wp\/v2\/users\/1"}],"replies":[{"embeddable":true,"href":"https:\/\/www.latempete.info\/index.php?rest_route=%2Fwp%2Fv2%2Fcomments&post=72208"}],"version-history":[{"count":1,"href":"https:\/\/www.latempete.info\/index.php?rest_route=\/wp\/v2\/posts\/72208\/revisions"}],"predecessor-version":[{"id":72209,"href":"https:\/\/www.latempete.info\/index.php?rest_route=\/wp\/v2\/posts\/72208\/revisions\/72209"}],"wp:attachment":[{"href":"https:\/\/www.latempete.info\/index.php?rest_route=%2Fwp%2Fv2%2Fmedia&parent=72208"}],"wp:term":[{"taxonomy":"category","embeddable":true,"href":"https:\/\/www.latempete.info\/index.php?rest_route=%2Fwp%2Fv2%2Fcategories&post=72208"},{"taxonomy":"post_tag","embeddable":true,"href":"https:\/\/www.latempete.info\/index.php?rest_route=%2Fwp%2Fv2%2Ftags&post=72208"}],"curies":[{"name":"wp","href":"https:\/\/api.w.org\/{rel}","templated":true}]}}