{"id":72210,"date":"2025-06-23T23:21:48","date_gmt":"2025-06-23T23:21:48","guid":{"rendered":"https:\/\/www.latempete.info\/?p=72210"},"modified":"2025-06-23T23:21:49","modified_gmt":"2025-06-23T23:21:49","slug":"selon-une-declaration-strategique-commune-trois-organisations-internationales-unies-pour-une-gestion-durable-du-bassin-du-congo","status":"publish","type":"post","link":"https:\/\/www.latempete.info\/?p=72210","title":{"rendered":"Selon une d\u00e9claration strat\u00e9gique commune : trois organisations internationales unies pour une gestion durable du Bassin du Congo"},"content":{"rendered":"\n<p>Par Marcel Tshishiku<\/p>\n\n\n\n<p>Selon leur newsletter mise \u00e0 la disposition de la presse vendredi, 20 juin, trois organisations internationales, dont WWF Allemagne, FSC Allemagne et l&rsquo;ATIBT, ont sign\u00e9 une d\u00e9claration commune pour affirmer l&rsquo;importance de la gestion durable des for\u00eats (GDF) comme pilier central de la pr\u00e9servation des for\u00eats tropicales, et notamment celles du Bassin du Congo.<\/p>\n\n\n\n<p>Adopt\u00e9e le 22 mai 2025, lors du Forum de la Foresterie Tropicale organis\u00e9 au Zoo de Cologne, cette d\u00e9claration indique que \u00a0\u00bb l&rsquo;avenir des for\u00eats tropicales d\u00e9pend, non seulement de leur protection, mais aussi d&rsquo;une gestion foresti\u00e8re bien r\u00e9glement\u00e9e, socialement inclusive et \u00e9conomiquement viable \u00ab\u00a0.<\/p>\n\n\n\n<p>Trois axes de la d\u00e9claration<\/p>\n\n\n\n<p>Le premier axe de cette d\u00e9claration est la certification FSC comme outil \u00e9prouv\u00e9. La d\u00e9claration r\u00e9affirme la place centrale de la certification FSC, largement reconnue en Afrique centrale. En int\u00e9grant des exigences environnementales, sociales et juridiques strictes, le FSC garantit une gestion responsable des for\u00eats et un soutien aux communaut\u00e9s locales.<\/p>\n\n\n\n<p>Le deuxi\u00e8me est la n\u00e9cessit\u00e9 de promouvoir un mod\u00e8le socio-\u00e9cologique int\u00e9gr\u00e9. Dans cette optique, la GDF doit s&rsquo;appuyer sur un mod\u00e8le global qui int\u00e8gre le respect des droits traditionnels des populations autochtones et locales ; le d\u00e9veloppement des march\u00e9s locaux et internationaux du bois ; la protection des esp\u00e8ces menac\u00e9es ; l&rsquo;int\u00e9gration de crit\u00e8res socio-environnementaux dans les financements internationaux ; le recours \u00e0 des m\u00e9canismes financiers innovants.<\/p>\n\n\n\n<p>Le dernier est un appel \u00e0 un soutien renforc\u00e9 du secteur forestier car, le secteur priv\u00e9 forestier est un acteur \u00e9conomique majeur dans la r\u00e9gion. Le texte appelle les bailleurs, institutions financi\u00e8res et march\u00e9s publics\/priv\u00e9s \u00e0 reconna\u00eetre les garanties offertes par la certification ; \u00e0 adapter les crit\u00e8res de passation de march\u00e9s : \u00e0 stimuler la demande en bois certifi\u00e9 ; \u00e0 d\u00e9velopper des m\u00e9canismes comme le paiement pour services environnementaux (PSE).<\/p>\n\n\n\n<p>Une mobilisation collective pour un avenir forestier durable<\/p>\n\n\n\n<p>Cette d\u00e9claration commune WWF, FSC et ATIBT est un appel \u00e0 tous les acteurs &#8211; publics, priv\u00e9s, financiers, scientifiques et communautaires &#8211; \u00e0 s&rsquo;unir pour faire de la gestion durable une r\u00e9alit\u00e9 op\u00e9rationnelle \u00e0 grande \u00e9chelle.<\/p>\n\n\n\n<p>A en croire la source, cette d\u00e9claration strat\u00e9gique incarne une vision partag\u00e9e, celle d&rsquo;un d\u00e9veloppement \u00e9conomique respectueux des \u00e9cosyst\u00e8mes et inclusif pour les populations.<\/p>\n\n\n\n<p>L&rsquo;ATIBT invite tous ses partenaires \u00e0 s&rsquo;y associer et \u00e0 soutenir activement cette dynamique commune.<br>Le bassin du Congo, c\u0153ur vert de l&rsquo;Afrique\u2026 et du monde<br>Avec plus de 200 millions d&rsquo;hectares de for\u00eats tropicales, le Bassin du Congo est le deuxi\u00e8me plus grand massif forestier mondial, essentiel pour la r\u00e9gulation du climat et la biodiversit\u00e9 mondiale. Pourtant, seules 12 % de ces for\u00eats sont class\u00e9es en aires prot\u00e9g\u00e9es, tandis qu&rsquo;environ 25 % sont g\u00e9r\u00e9es sous forme de concessions foresti\u00e8res. Cela place la gestion foresti\u00e8re durable au centre des solutions de conservation.<\/p>\n","protected":false},"excerpt":{"rendered":"<p>Par Marcel Tshishiku Selon leur newsletter mise \u00e0 la disposition de la presse vendredi, 20 juin, trois organisations internationales, dont WWF Allemagne, FSC Allemagne et l&rsquo;ATIBT, ont sign\u00e9 une d\u00e9claration commune pour affirmer l&rsquo;importance de la gestion durable des for\u00eats (GDF) comme pilier central de la pr\u00e9servation des for\u00eats tropicales, et notamment celles du Bassin [&hellip;]<\/p>\n","protected":false},"author":1,"featured_media":0,"comment_status":"closed","ping_status":"closed","sticky":false,"template":"","format":"standard","meta":{"footnotes":""},"categories":[37,134,10],"tags":[],"class_list":["post-72210","post","type-post","status-publish","format-standard","hentry","category-environnement","category-la-tempete-des-tropiques","category-societe"],"_links":{"self":[{"href":"https:\/\/www.latempete.info\/index.php?rest_route=\/wp\/v2\/posts\/72210"}],"collection":[{"href":"https:\/\/www.latempete.info\/index.php?rest_route=\/wp\/v2\/posts"}],"about":[{"href":"https:\/\/www.latempete.info\/index.php?rest_route=\/wp\/v2\/types\/post"}],"author":[{"embeddable":true,"href":"https:\/\/www.latempete.info\/index.php?rest_route=\/wp\/v2\/users\/1"}],"replies":[{"embeddable":true,"href":"https:\/\/www.latempete.info\/index.php?rest_route=%2Fwp%2Fv2%2Fcomments&post=72210"}],"version-history":[{"count":1,"href":"https:\/\/www.latempete.info\/index.php?rest_route=\/wp\/v2\/posts\/72210\/revisions"}],"predecessor-version":[{"id":72211,"href":"https:\/\/www.latempete.info\/index.php?rest_route=\/wp\/v2\/posts\/72210\/revisions\/72211"}],"wp:attachment":[{"href":"https:\/\/www.latempete.info\/index.php?rest_route=%2Fwp%2Fv2%2Fmedia&parent=72210"}],"wp:term":[{"taxonomy":"category","embeddable":true,"href":"https:\/\/www.latempete.info\/index.php?rest_route=%2Fwp%2Fv2%2Fcategories&post=72210"},{"taxonomy":"post_tag","embeddable":true,"href":"https:\/\/www.latempete.info\/index.php?rest_route=%2Fwp%2Fv2%2Ftags&post=72210"}],"curies":[{"name":"wp","href":"https:\/\/api.w.org\/{rel}","templated":true}]}}