{"id":72399,"date":"2025-07-04T13:22:19","date_gmt":"2025-07-04T13:22:19","guid":{"rendered":"https:\/\/www.latempete.info\/?p=72399"},"modified":"2025-07-04T13:22:21","modified_gmt":"2025-07-04T13:22:21","slug":"stabilite-economique-le-fmi-decaisse-2619-millions-usd-pour-la-poursuite-des-reformes-structurelles","status":"publish","type":"post","link":"https:\/\/www.latempete.info\/?p=72399","title":{"rendered":"Stabilit\u00e9 \u00e9conomique : le FMI d\u00e9caisse 261,9 millions USD pour la poursuite des r\u00e9formes structurelles"},"content":{"rendered":"\n<p>Par LM<\/p>\n\n\n\n<p>Le Conseil d&rsquo;administration du Fond Mon\u00e9taire International (FMI) a approuv\u00e9, mercredi 2 juillet, \u00e0 Washington, la premi\u00e8re revue du programme conclu avec la R\u00e9publique D\u00e9mocratique du Congo dans le cadre de la Facilit\u00e9 Elargie de Cr\u00e9dit (FEC). Cette d\u00e9cision ouvre la voie \u00e0 un nouveau d\u00e9caissement de 261,9 millions USD, en lien avec la poursuite des r\u00e9formes structurelles convenues.<\/p>\n\n\n\n<p>Dans un contexte marqu\u00e9 par des d\u00e9fis s\u00e9curitaires et humanitaires persistants \u00e0 l&rsquo;Est du pays, l&rsquo;\u00e9conomie congolaise affiche une r\u00e9silience notable : croissance estim\u00e9e \u00e0 6,5 %, inflation en net recul (23,8 % en d\u00e9cembre 2023 \u00e0 8,53 % fin juin 2025) et stabilit\u00e9 prolong\u00e9e du taux de change. Ces indicateurs traduisent une relative ma\u00eetrise du cadre macro\u00e9conomique.<\/p>\n\n\n\n<p>Le Gouvernement central, par la voix de ses institutions financi\u00e8res, assure que les ressources combin\u00e9es du FMI, de la Banque mondiale (600 millions USD), et des recettes fiscales attendues en juillet, permettront de soutenir les investissements publics et d&rsquo;amplifier les retomb\u00e9es \u00e9conomiques. Sous la coordination de la premi\u00e8re ministre Judith Suminwa Tuluka, ce r\u00e9sultat intervient dans un contexte de gouvernance marqu\u00e9 par la volont\u00e9 politique de consolider les r\u00e9formes engag\u00e9es et de maintenir le cap de la stabilit\u00e9 \u00e9conomique, conform\u00e9ment \u00e0 l&rsquo;orientation fix\u00e9e par le Chef de l&rsquo;\u00c9tat, F\u00e9lix-Antoine Tshisekedi Tshilombo.<\/p>\n","protected":false},"excerpt":{"rendered":"<p>Par LM Le Conseil d&rsquo;administration du Fond Mon\u00e9taire International (FMI) a approuv\u00e9, mercredi 2 juillet, \u00e0 Washington, la premi\u00e8re revue du programme conclu avec la R\u00e9publique D\u00e9mocratique du Congo dans le cadre de la Facilit\u00e9 Elargie de Cr\u00e9dit (FEC). Cette d\u00e9cision ouvre la voie \u00e0 un nouveau d\u00e9caissement de 261,9 millions USD, en lien avec [&hellip;]<\/p>\n","protected":false},"author":1,"featured_media":0,"comment_status":"closed","ping_status":"closed","sticky":false,"template":"","format":"standard","meta":{"footnotes":""},"categories":[136,120,7,134],"tags":[],"class_list":["post-72399","post","type-post","status-publish","format-standard","hentry","category-a-la-une","category-banque-finance","category-economie","category-la-tempete-des-tropiques"],"_links":{"self":[{"href":"https:\/\/www.latempete.info\/index.php?rest_route=\/wp\/v2\/posts\/72399"}],"collection":[{"href":"https:\/\/www.latempete.info\/index.php?rest_route=\/wp\/v2\/posts"}],"about":[{"href":"https:\/\/www.latempete.info\/index.php?rest_route=\/wp\/v2\/types\/post"}],"author":[{"embeddable":true,"href":"https:\/\/www.latempete.info\/index.php?rest_route=\/wp\/v2\/users\/1"}],"replies":[{"embeddable":true,"href":"https:\/\/www.latempete.info\/index.php?rest_route=%2Fwp%2Fv2%2Fcomments&post=72399"}],"version-history":[{"count":1,"href":"https:\/\/www.latempete.info\/index.php?rest_route=\/wp\/v2\/posts\/72399\/revisions"}],"predecessor-version":[{"id":72400,"href":"https:\/\/www.latempete.info\/index.php?rest_route=\/wp\/v2\/posts\/72399\/revisions\/72400"}],"wp:attachment":[{"href":"https:\/\/www.latempete.info\/index.php?rest_route=%2Fwp%2Fv2%2Fmedia&parent=72399"}],"wp:term":[{"taxonomy":"category","embeddable":true,"href":"https:\/\/www.latempete.info\/index.php?rest_route=%2Fwp%2Fv2%2Fcategories&post=72399"},{"taxonomy":"post_tag","embeddable":true,"href":"https:\/\/www.latempete.info\/index.php?rest_route=%2Fwp%2Fv2%2Ftags&post=72399"}],"curies":[{"name":"wp","href":"https:\/\/api.w.org\/{rel}","templated":true}]}}